{"id":85536,"date":"2005-11-10T06:00:00","date_gmt":"2005-11-10T05:00:00","guid":{"rendered":"https:\/\/mediarun.com\/index.php\/news-posts\/benq-i-siemens-razem\/"},"modified":"2005-11-10T06:00:00","modified_gmt":"2005-11-10T05:00:00","slug":"benq-i-siemens-razem","status":"publish","type":"post","link":"https:\/\/mediarun.com\/pl\/marketing\/benq-i-siemens-razem.html","title":{"rendered":"BenQ i Siemens razem"},"content":{"rendered":"<p><P>Nowa organizacja wykorzysta uzyskany w wyniku partnerstwa efekt synergii i powa\u017cnie zaznaczy swoj\u0105 pozycj\u0119 w sektorze telefon\u00f3w kom\u00f3rkowych. Udzia\u0142 BenQ Mobile w \u015bwiatowym rynku szacowany jest obecnie na poziomie 5,2% i plasuje firm\u0119 na sz\u00f3stym miejscu w mi\u0119dzynarodowym rankingu producent\u00f3w telefon\u00f3w kom\u00f3rkowych. Wg przedstawicieli sp\u00f3\u0142ki, BenQ Mobile b\u0119dzie d\u0105\u017cy\u0107 do obj\u0119cia jednej z czo\u0142owych pozycji na rynku urz\u0105dze\u0144 bezprzewodowych. Pom\u00f3c ma w tym m.in. nastawiona na klienta organizacja oraz strategia rozwoju nowych produkt\u00f3w, a tak\u017ce bezpo\u015brednie korzy\u015bci wynikaj\u0105ce z komplementarnego partnerstwa &#8211; renoma, do\u015bwiadczenie oraz jako\u015b\u0107 marki Siemens wraz z potencja\u0142em w bran\u017cy elektroniki u\u017cytkowej BenQ Corporation. <\/P><br \/>\n<P>W skali \u015bwiatowej reakcje na start dzia\u0142alno\u015bci BenQ Mobile by\u0142y bardzo pozytywne. Sp\u00f3\u0142ka zapowiedzia\u0142a bogat\u0105 ofert\u0119 produkt\u00f3w o nowatorskich funkcjach, produkowanych z wysokiej jako\u015bci komponent\u00f3w oraz atrakcyjnie i nowocze\u015bnie zaprojektowanych. Dotychczasowa oferta zostanie wzbogacona o telefony kom\u00f3rkowe dzia\u0142aj\u0105ce w technologii UMTS, aparaty typu &#8222;smartphone&#8221; oraz urz\u0105dzenia multimedialne (m.in. odtwarzacze MP3 i aparaty cyfrowe). Nowe, opracowane przez BenQ Mobile modele zaprezentowane zostan\u0105 na wiosn\u0119 2006 r.. <BR><BR>BenQ Mobile wykorzysta uzupe\u0142niaj\u0105cy si\u0119 dost\u0119p do regionalnych kana\u0142\u00f3w dystrybucyjnych Siemensa i BenQ wzmacniaj\u0105c w ten spos\u00f3b pozycj\u0119 na kluczowych rynkach Europy, Azji i obu Ameryk. W Polsce oraz wybranych krajach Europy Wschodniej struktura BenQ Mobile reprezentowana jest przez nowoutworzon\u0105 sp\u00f3\u0142k\u0119 BenQ Poland Sp. z o.o, a jej kompetencje obejmuj\u0105 m.in. koordynacj\u0119 w zakresie sprzeda\u017cy, marketingu, dostaw oraz serwisu. BenQ Poland, obok naszego kraju,&nbsp; nadzoruje&nbsp; sprzeda\u017c i dystrybucj\u0119&nbsp; w&nbsp; krajach, jak: Ukraina, \u0141otwa, Litwa, Estonia, Bia\u0142oru\u015b, Azerbejd\u017can, Armenia, Gruzja, Kazachstan, Kirgistan, Mo\u0142dawia, Tad\u017cykistan, Turkmenistan oraz Uzbekistan i odpowiada za prowadzenie jednolitej strategii sprzeda\u017cowej oraz marketingowej (kana\u0142y dystrybucji, klienci, mierniki marketingowe). Z uwagi na potencja\u0142 ww. rynk\u00f3w stanowi wa\u017cny pion w strukturze BenQ Mobile. W Polsce &#8211; w zakresie sprzeda\u017cy telefon\u00f3w kom\u00f3rkowych &#8211; BenQ Mobile plasuje si\u0119 na drugiej pozycji.<\/P><br \/>\n<P>Sp\u00f3\u0142ka BenQ Poland wch\u0142on\u0119\u0142a tak\u017ce wydzielon\u0105 z Wroc\u0142awskiego Centrum Rozwoju Oprogramowania jednostk\u0119 odpowiedzialn\u0105 za projektowanie, tworzenie oraz testowanie software&#8217;u i aplikacji na potrzeby urz\u0105dze\u0144 mobilnych. Ponad dwustuosobowa kadra Centrum pracuj\u0105ca dla BenQ Poland posiada do\u015bwiadczenie w zakresie realizacji zaawansowanych projekt\u00f3w teleinformatycznych i b\u0119dzie silnym wsparciem dla rozwoju multimedialnych produkt\u00f3w. &#8211; Wroc\u0142awska plac\u00f3wka stanowi wizyt\u00f3wk\u0119 naszego potencja\u0142u w zakresie rozwoju oprogramowania na potrzeby ca\u0142ej grupy. Jeste\u015bmy dumni z faktu, \u017ce to polscy in\u017cynierowie maj\u0105 wp\u0142yw na tak zaawansowane produkty, jak np. telefony UMTS. W przeci\u0105gu najbli\u017cszych 12 miesi\u0119cy prawdopodobnie podwoi si\u0119 liczba os\u00f3b we wroc\u0142awskim o\u015brodku &#8211; powiedzia\u0142 Dietmar Lerch, dyrektor zarz\u0105dzaj\u0105cy BenQ Poland Sp. z o.o..<\/P><br \/>\n<P>BenQ Mobile produkowa\u0107 b\u0119dzie telefony kom\u00f3rkowe zar\u00f3wno w azjatyckich zak\u0142adach BenQ, jak i fabrykach przej\u0119tych od Siemensa, zlokalizowanych np. w Niemczech. BenQ posiada prawo do korzystania z logo Siemensa przez 18 miesi\u0119cy, pocz\u0105wszy od 1 pa\u017adziernika 2005 r., oraz do stosowania go jako cz\u0119\u015bci nazwy przez 5 lat pocz\u0105wszy od tej daty. BenQ Mobile przej\u0119\u0142o tak\u017ce wszelkie zobowi\u0105zania wynikaj\u0105ce z um\u00f3w podpisanych wcze\u015bniej przez dzia\u0142 telefon\u00f3w kom\u00f3rkowych Siemensa, w tym gwarancyjnych oraz serwisowych. W rezultacie obs\u0142uga klient\u00f3w biznesowych oraz indywidualnych w zakresie wszystkich telefon\u00f3w kom\u00f3rkowych Siemensa prowadzona jest w niezmienionym, wysokim standardzie.&nbsp; <\/P><\/p>\n","protected":false},"excerpt":{"rendered":"1 pa\u017adziernika br. rozpocz\u0119\u0142a dzia\u0142alno\u015b\u0107 firma BenQ Mobile &#8211; \u0142\u0105cz\u0105ca potencja\u0142 dzia\u0142u telefon\u00f3w kom\u00f3rkowych Siemensa oraz organizacyjnych i technologicznych mo\u017cliwo\u015bci BenQ.","protected":false},"author":1,"featured_media":85537,"comment_status":"open","ping_status":"closed","sticky":false,"template":"","format":"standard","meta":{"csco_display_header_overlay":false,"csco_singular_sidebar":"","csco_page_header_type":"","csco_page_load_nextpost":"","csco_post_video_location":[],"csco_post_video_location_hash":"","csco_post_video_url":"","csco_post_video_bg_start_time":0,"csco_post_video_bg_end_time":0,"footnotes":""},"categories":[9639],"tags":[],"class_list":{"0":"post-85536","1":"post","2":"type-post","3":"status-publish","4":"format-standard","5":"has-post-thumbnail","7":"category-marketing","8":"cs-entry","9":"cs-video-wrap"},"_links":{"self":[{"href":"https:\/\/mediarun.com\/pl\/wp-json\/wp\/v2\/posts\/85536","targetHints":{"allow":["GET"]}}],"collection":[{"href":"https:\/\/mediarun.com\/pl\/wp-json\/wp\/v2\/posts"}],"about":[{"href":"https:\/\/mediarun.com\/pl\/wp-json\/wp\/v2\/types\/post"}],"author":[{"embeddable":true,"href":"https:\/\/mediarun.com\/pl\/wp-json\/wp\/v2\/users\/1"}],"replies":[{"embeddable":true,"href":"https:\/\/mediarun.com\/pl\/wp-json\/wp\/v2\/comments?post=85536"}],"version-history":[{"count":0,"href":"https:\/\/mediarun.com\/pl\/wp-json\/wp\/v2\/posts\/85536\/revisions"}],"wp:featuredmedia":[{"embeddable":true,"href":"https:\/\/mediarun.com\/pl\/wp-json\/wp\/v2\/media\/85537"}],"wp:attachment":[{"href":"https:\/\/mediarun.com\/pl\/wp-json\/wp\/v2\/media?parent=85536"}],"wp:term":[{"taxonomy":"category","embeddable":true,"href":"https:\/\/mediarun.com\/pl\/wp-json\/wp\/v2\/categories?post=85536"},{"taxonomy":"post_tag","embeddable":true,"href":"https:\/\/mediarun.com\/pl\/wp-json\/wp\/v2\/tags?post=85536"}],"curies":[{"name":"wp","href":"https:\/\/api.w.org\/{rel}","templated":true}]}}