{"id":85531,"date":"2005-11-10T06:00:00","date_gmt":"2005-11-10T05:00:00","guid":{"rendered":"https:\/\/mediarun.com\/index.php\/news-posts\/nowy-dyrektor-janssen-cilag-polska\/"},"modified":"2005-11-10T06:00:00","modified_gmt":"2005-11-10T05:00:00","slug":"nowy-dyrektor-janssen-cilag-polska","status":"publish","type":"post","link":"https:\/\/mediarun.com\/pl\/ludzie\/awanse\/nowy-dyrektor-janssen-cilag-polska.html","title":{"rendered":"Nowy dyrektor Janssen-Cilag Polska"},"content":{"rendered":"<p>Jako Area General Manager of Janssen-Cilag Poland &amp; Baltics, b\u0119dzie r\u00f3wnie\u017c kierowa\u0142 firm\u0105 w krajach nadba\u0142tyckich: na Litwie, \u0141otwie i w Estonii.<BR><BR><BR>Zdzis\u0142aw Sabi\u0142\u0142o jest z wykszta\u0142cenia lekarzem, specjalist\u0105 II-go stopnia z zakresu chirurgii. Na pocz\u0105tku swojej drogi zawodowej by\u0142 wyk\u0142adowc\u0105 na Akademii Medycznej w Warszawie. W 1990 roku rozpocz\u0105\u0142 prac\u0119 w przemy\u015ble farmaceutycznym.<BR><BR>Przez wiele lat aktywnie dzia\u0142a\u0142 w Stowarzyszeniu Przedstawicieli Firm Farmaceutycznych&nbsp;w Polsce, pe\u0142ni\u0105c funkcj\u0119 Prezesa Stowarzyszenia przez dwie kadencje z rz\u0119du (1997-2001), a nast\u0119pnie Przewodnicz\u0105cego Rady Nadzorczej. Zdzis\u0142aw Sabi\u0142\u0142o jest tak\u017ce wyk\u0142adowc\u0105 studi\u00f3w podyplomowych Collegium Medium Uniwersytetu Jagiello\u0144skiego.<BR><BR><\/p>\n","protected":false},"excerpt":{"rendered":"Dr Zdzis\u0142aw Sabi\u0142\u0142o z dniem 1 listopada obj\u0105\u0142 stanowisko Dyrektora Generalnego i Prezesa Zarz\u0105du firmy Janssen-Cilag Polska Sp. z o.o.","protected":false},"author":1,"featured_media":85532,"comment_status":"open","ping_status":"closed","sticky":false,"template":"","format":"standard","meta":{"csco_display_header_overlay":false,"csco_singular_sidebar":"","csco_page_header_type":"","csco_page_load_nextpost":"","csco_post_video_location":[],"csco_post_video_location_hash":"","csco_post_video_url":"","csco_post_video_bg_start_time":0,"csco_post_video_bg_end_time":0,"footnotes":""},"categories":[9678],"tags":[],"class_list":{"0":"post-85531","1":"post","2":"type-post","3":"status-publish","4":"format-standard","5":"has-post-thumbnail","7":"category-awanse","8":"cs-entry","9":"cs-video-wrap"},"_links":{"self":[{"href":"https:\/\/mediarun.com\/pl\/wp-json\/wp\/v2\/posts\/85531","targetHints":{"allow":["GET"]}}],"collection":[{"href":"https:\/\/mediarun.com\/pl\/wp-json\/wp\/v2\/posts"}],"about":[{"href":"https:\/\/mediarun.com\/pl\/wp-json\/wp\/v2\/types\/post"}],"author":[{"embeddable":true,"href":"https:\/\/mediarun.com\/pl\/wp-json\/wp\/v2\/users\/1"}],"replies":[{"embeddable":true,"href":"https:\/\/mediarun.com\/pl\/wp-json\/wp\/v2\/comments?post=85531"}],"version-history":[{"count":0,"href":"https:\/\/mediarun.com\/pl\/wp-json\/wp\/v2\/posts\/85531\/revisions"}],"wp:featuredmedia":[{"embeddable":true,"href":"https:\/\/mediarun.com\/pl\/wp-json\/wp\/v2\/media\/85532"}],"wp:attachment":[{"href":"https:\/\/mediarun.com\/pl\/wp-json\/wp\/v2\/media?parent=85531"}],"wp:term":[{"taxonomy":"category","embeddable":true,"href":"https:\/\/mediarun.com\/pl\/wp-json\/wp\/v2\/categories?post=85531"},{"taxonomy":"post_tag","embeddable":true,"href":"https:\/\/mediarun.com\/pl\/wp-json\/wp\/v2\/tags?post=85531"}],"curies":[{"name":"wp","href":"https:\/\/api.w.org\/{rel}","templated":true}]}}