{"id":85529,"date":"2005-11-10T06:00:00","date_gmt":"2005-11-10T05:00:00","guid":{"rendered":"https:\/\/mediarun.com\/index.php\/news-posts\/twoj-styl-wskazal-doskonalosci-roku\/"},"modified":"2005-11-10T06:00:00","modified_gmt":"2005-11-10T05:00:00","slug":"twoj-styl-wskazal-doskonalosci-roku","status":"publish","type":"post","link":"https:\/\/mediarun.com\/pl\/wydarzenia\/twoj-styl-wskazal-doskonalosci-roku.html","title":{"rendered":"Tw\u00f3j Styl wskaza\u0142 Doskona\u0142o\u015bci Roku"},"content":{"rendered":"<p><DIV>Doskona\u0142o\u015b\u0107 Roku Tw\u00f3j Styl 2005 to ju\u017c jedenasta edycja konkursu, kt\u00f3ry wy\u0142ania najlepsze nowo\u015bci rynku kosmetycznego w Polsce.<\/DIV><br \/>\n<DIV>&nbsp;<\/DIV><br \/>\n<DIV>Ocenie poddawane s\u0105 kosmetyki w kategoriach: kosmetyki ekskluzywne, popularne, polskie. W powy\u017cszych kategoriach wybierane s\u0105 najlepsze zapachy, produkty do makija\u017cu, piel\u0119gnacji cia\u0142a, delikatnych partii twarzy, cia\u0142a i w\u0142os\u00f3w, kosmetyki s\u0142oneczne. Od roku 2000 oceniane s\u0105 tak\u017ce kosmetyki apteczne. Od roku 1997 w ramach konkursu Doskona\u0142o\u015b\u0107 Roku wybierane s\u0105 tak\u017ce produkty przeznaczone dla m\u0119\u017cczyzn.<\/DIV><br \/>\n<DIV>&nbsp;<\/DIV><br \/>\n<DIV>Jury przyznaj\u0105ce kosmetykom tytu\u0142 Doskona\u0142o\u015bci sk\u0142ada si\u0119 ze znanych osobisto\u015bci \u015bwiata medi\u00f3w, kultury i biznesu. Jurorzy testuj\u0105 przez ca\u0142y rok nowo\u015bci kosmetyczne i poddaj\u0105 ocenie efektywno\u015b\u0107 kosmetyk\u00f3w, a tak\u017ce ich atrakcyjno\u015b\u0107 cenow\u0105 w stosunku do walor\u00f3w poszczeg\u00f3lnych produkt\u00f3w.<\/DIV><br \/>\n<DIV>&nbsp;<\/DIV><br \/>\n<DIV>Nagrod\u0105 w konkursie jest tytu\u0142 Doskona\u0142o\u015b\u0107 Roku, potwierdzony dyplomem oraz statuetka. Firmy, kt\u00f3rych produkty zosta\u0142y nagrodzone maj\u0105 prawo u\u017cytkowania znaku towarowego Doskona\u0142o\u015b\u0107 Roku Tw\u00f3j Styl.<\/DIV><br \/>\n<DIV>&nbsp;<\/DIV><br \/>\n<DIV>W tym roku nowo\u015bci kosmetyczne oceniali :<\/DIV><br \/>\n<DIV>Jury w sk\u0142adzie: Jolanta Pie\u0144kowska (redaktor naczelna magazynu Tw\u00f3j Styl), Joanna Nojszewska (zast\u0119pca redaktor naczelnej), Hanna Smoktunowicz, Magdalena Cielecka (aktorka), El\u017cbieta Kowalska-Ol\u0119dzka (dermatolog), Magda Mo\u0142ek i Danuta Stenka (aktorka) ocenia\u0142o kosmetyki dla kobiet.<\/DIV><br \/>\n<DIV>&nbsp;<\/DIV><br \/>\n<DIV>Panowie: Piotr Adamczyk (aktor), Borys Szyc (aktor), Piotr Walter (prezes TVN), Mateusz Kusznierewicz (sportowiec), Maciej A. Brzozowski (dyrektor PR Wydawnictwa Bauer), Jacek Szmidt (zast\u0119pca redaktor naczelnej miesi\u0119cznika Tw\u00f3j Styl) i Marek Straszewski (fotograf) oceniali kosmetyki przeznaczone dla m\u0119\u017cczyzn.<\/DIV><br \/>\n<DIV>&nbsp;<\/DIV><br \/>\n<DIV>Lista tegorocznych zwyci\u0119zc\u00f3w znajdzie si\u0119 w najbli\u017cszym numerze magazynu.<\/DIV><\/p>\n","protected":false},"excerpt":{"rendered":"Rozstrzygni\u0119ty zosta\u0142 tegoroczny konkurs na kosmetyczn\u0105 Doskona\u0142o\u015b\u0107 Roku Tw\u00f3j Styl 2005. Organizatorem konkursu jest magazyn Tw\u00f3j Styl.","protected":false},"author":1,"featured_media":85530,"comment_status":"open","ping_status":"closed","sticky":false,"template":"","format":"standard","meta":{"csco_display_header_overlay":false,"csco_singular_sidebar":"","csco_page_header_type":"","csco_page_load_nextpost":"","csco_post_video_location":[],"csco_post_video_location_hash":"","csco_post_video_url":"","csco_post_video_bg_start_time":0,"csco_post_video_bg_end_time":0,"footnotes":""},"categories":[46],"tags":[],"class_list":{"0":"post-85529","1":"post","2":"type-post","3":"status-publish","4":"format-standard","5":"has-post-thumbnail","7":"category-wydarzenia","8":"cs-entry","9":"cs-video-wrap"},"_links":{"self":[{"href":"https:\/\/mediarun.com\/pl\/wp-json\/wp\/v2\/posts\/85529","targetHints":{"allow":["GET"]}}],"collection":[{"href":"https:\/\/mediarun.com\/pl\/wp-json\/wp\/v2\/posts"}],"about":[{"href":"https:\/\/mediarun.com\/pl\/wp-json\/wp\/v2\/types\/post"}],"author":[{"embeddable":true,"href":"https:\/\/mediarun.com\/pl\/wp-json\/wp\/v2\/users\/1"}],"replies":[{"embeddable":true,"href":"https:\/\/mediarun.com\/pl\/wp-json\/wp\/v2\/comments?post=85529"}],"version-history":[{"count":0,"href":"https:\/\/mediarun.com\/pl\/wp-json\/wp\/v2\/posts\/85529\/revisions"}],"wp:featuredmedia":[{"embeddable":true,"href":"https:\/\/mediarun.com\/pl\/wp-json\/wp\/v2\/media\/85530"}],"wp:attachment":[{"href":"https:\/\/mediarun.com\/pl\/wp-json\/wp\/v2\/media?parent=85529"}],"wp:term":[{"taxonomy":"category","embeddable":true,"href":"https:\/\/mediarun.com\/pl\/wp-json\/wp\/v2\/categories?post=85529"},{"taxonomy":"post_tag","embeddable":true,"href":"https:\/\/mediarun.com\/pl\/wp-json\/wp\/v2\/tags?post=85529"}],"curies":[{"name":"wp","href":"https:\/\/api.w.org\/{rel}","templated":true}]}}