{"id":85520,"date":"2005-11-10T06:00:00","date_gmt":"2005-11-10T05:00:00","guid":{"rendered":"https:\/\/mediarun.com\/index.php\/news-posts\/nowy-dziennik-agory-14-listopada\/"},"modified":"2005-11-10T06:00:00","modified_gmt":"2005-11-10T05:00:00","slug":"nowy-dziennik-agory-14-listopada","status":"publish","type":"post","link":"https:\/\/mediarun.com\/pl\/wydarzenia\/nowy-dziennik-agory-14-listopada.html","title":{"rendered":"Nowy dziennik Agory 14 listopada"},"content":{"rendered":"<p><DIV>&#8211; Bo w tych s\u0142owach jest optymistyczny przekaz. Jutro b\u0119dzie nowy dzie\u0144, czyli mo\u017cna spr\u00f3bowa\u0107 czego\u015b nowego, zrobi\u0107 co\u015b od nowa &#8211; wyja\u015bnia Jerzy W\u00f3jcik, naczelny nowej gazety.<\/DIV><br \/>\n<DIV>&nbsp;<\/DIV><br \/>\n<DIV>Rafa\u0142 Oracz, szef dzia\u0142u obs\u0142ugi klienta firmy CR Media Consulting, kt\u00f3ra jest brokerem na rynku reklamy prasowej, radiowej i internetowej, podkre\u015bla, \u017ce o taki tytu\u0142 \u0142atwo jest poprosi\u0107 w kiosku.<\/DIV><br \/>\n<DIV>&nbsp;<\/DIV><br \/>\n<DIV>Nad maj\u0105c\u0105 ok. 30 stron gazet\u0105 b\u0119dzie pracowa\u0107 ponadstuosobowa redakcja. &#8222;Dziennik pe\u0142en \u017cycia&#8221; &#8211; tak nowy tytu\u0142 charakteryzuje sam siebie w swojej winiecie, ale jeszcze wa\u017cniejsza jest informacja, kt\u00f3r\u0105 czytelnik widzi tu\u017c obok: &#8222;Cena 1 z\u0142&#8221;. Wi\u0119cej za ukazuj\u0105cy si\u0119 sze\u015b\u0107 razy w tygodniu Nowy Dzie\u0144 trzeba b\u0119dzie zap\u0142aci\u0107 jedynie w czwartek, gdy uka\u017ce si\u0119 on z kolorowym dodatkiem telewizyjnym.<\/DIV><br \/>\n<DIV>&nbsp;<\/DIV><br \/>\n<DIV>Czy ta cena b\u0119dzie sta\u0142a? &#8211; Nie mog\u0119 tego powiedzie\u0107 &#8211; odpowiada Wojciech Fusek, wydawca nowego tytu\u0142u. &#8211; Cena nie mo\u017ce by\u0107 dla naszego czytelnika barier\u0105 &#8211; deklaruje Grzegorz Piechota, wicenaczelny Nowego Dnia.<\/DIV><br \/>\n<DIV>&nbsp;<\/DIV><br \/>\n<DIV>Nak\u0142adu gazety, koszt\u00f3w jej uruchomienia, zak\u0142adanej sprzeda\u017cy oraz terminu osi\u0105gni\u0119cia rentowno\u015bci nie ujawniono.<\/DIV><br \/>\n<DIV>&nbsp;<\/DIV><br \/>\n<DIV>Do kogo kierowany jest nowy dziennik? Jego czytelnik \u017cyje w mie\u015bcie (niekoniecznie du\u017cym) i pracuje. Jego dochody nie s\u0105 bardzo wysokie, ale nie ma on te\u017c trudno\u015bci finansowych. Ma co najmniej \u015brednie wykszta\u0142cenie. Sta\u0107 go na pras\u0119, ale nie ma swego ulubionego tytu\u0142u. Obecnie kupuje zar\u00f3wno pras\u0119 regionaln\u0105, tanie kolorowe magazyny, jak i og\u00f3lnopolskie dzienniki, ale ch\u0119tnie zast\u0105pi to czym\u015b nowym &#8211; taki portret odbiorcy Nowego Dnia wy\u0142ania si\u0119 z opowie\u015bci jego szef\u00f3w.<\/DIV><br \/>\n<DIV>&nbsp;<\/DIV><br \/>\n<DIV>Zarz\u0105d Agory zapowiada, \u017ce nowy tytu\u0142 b\u0119dzie masow\u0105 &#8222;gazet\u0105 \u015brodka&#8221;, a nie brukowcem. Specjali\u015bci reaguj\u0105 na te zapowiedzi r\u00f3\u017cnie. &#8211; Moim zdaniem nowa gazeta Agory b\u0119dzie podbiera\u0107 czytelnik\u00f3w wszystkim obecnym na rynku tytu\u0142om. Ale prawdziwym rezerwuarem czytelnik\u00f3w b\u0119dzie dla niej prasa lokalna &#8211; uwa\u017ca Jakub Bierzy\u0144ski, szef domu mediowego OMD Poland, kt\u00f3ry ju\u017c zapozna\u0142 si\u0119 z numerami zerowymi Nowego Dnia podczas jednej z prezentacji handlowych. Dodaje, \u017ce r\u00f3wnie\u017c Gazecie Wyborczej przyjdzie rywalizowa\u0107 z nowym dziennikiem.<\/DIV><br \/>\n<DIV>&nbsp;<\/DIV><br \/>\n<DIV>&#8211; Je\u015bli tylko wydawca zauwa\u017cy, \u017ce nowy tytu\u0142 zabiera zbyt du\u017co czytelnik\u00f3w flagowemu tytu\u0142owi, to Nowy Dzie\u0144 zacznie zbli\u017ca\u0107 si\u0119 do Faktu &#8211; twierdzi Rafa\u0142 Oracz. Nie zgadza si\u0119 z nim naczelny Nowego Dnia. &#8211; Walczymy o innego czytelnika ni\u017c Gazeta Wyborcza, ale nie b\u0119dziemy upodabnia\u0107 si\u0119 do brukowc\u00f3w &#8211; deklaruje Jerzy W\u00f3jcik.<\/DIV><br \/>\n<DIV>&nbsp;<\/DIV><br \/>\n<DIV>Nowy Dzie\u0144 ma traktowa\u0107 Gazet\u0119 Wyborcz\u0105 jak ka\u017cdego innego rywala. &#8211; Korzystamy z tej samej administracji Agory co Gazeta Wyborcza. Mamy z ni\u0105 wsp\u00f3lny druk i kolporta\u017c. Na rynkowych zasadach kupujemy zdj\u0119cia od Agencji Gazeta &#8211; wymienia Grzegorz Piechota. &#8211; Jednak pod pozosta\u0142ymi wzgl\u0119dami jeste\u015bmy ca\u0142kowicie niezale\u017cnym przedsi\u0119wzi\u0119ciem: mamy osobn\u0105 redakcj\u0119, sw\u00f3j dzia\u0142 graficzny, sprzeda\u017cy i promocji.<\/DIV><br \/>\n<DIV>&nbsp;<\/DIV><br \/>\n<DIV>&#8222;Ju\u017c od poniedzia\u0142ku czytelnicy nowego dziennika b\u0119d\u0105 mogli wzi\u0105\u0107 udzia\u0142 w konkursach SMS-owych, w kt\u00f3rych do wygrania b\u0119d\u0105 m.in. samochody i telewizory&#8221; &#8211; czytamy w komunikacie prasowym Agory. Czy serwowanie czytelnikom konkurs\u00f3w z du\u017cymi nagrodami na samym starcie nie jest niebezpieczne?<\/DIV><br \/>\n<DIV>&nbsp;<\/DIV><br \/>\n<DIV>&#8211; S\u0105dz\u0119, \u017ce to przejaw walki o pozycj\u0119 lidera, kt\u00f3ra liczy si\u0119 na rynku dziennik\u00f3w, ale ci\u0119\u017cko jest j\u0105 utrzyma\u0107 &#8211; m\u00f3wi Oracz. Jego zdaniem najbli\u017cszy rok up\u0142ynie dla Nowego Dnia pod znakiem eksperyment\u00f3w.<\/DIV><br \/>\n<DIV>&nbsp;<\/DIV><br \/>\n<DIV>Inwestorzy pozytywnie zareagowali na wiadomo\u015b\u0107 o starcie i tytule nowego dziennika Agory. Kurs akcji sp\u00f3\u0142ki na warszawskiej gie\u0142dzie wzr\u00f3s\u0142 w \u015brod\u0119 o 2,11 proc.<\/DIV><\/p>\n","protected":false},"excerpt":{"rendered":"Nowy dziennik Agory b\u0119dzie nazywa\u0142 si\u0119 Nowy Dzie\u0144. Zadebiutuje w najbli\u017cszy poniedzia\u0142ek &#8211; 14 listopada. Dlaczego akurat Nowy Dzie\u0144?","protected":false},"author":1,"featured_media":85521,"comment_status":"open","ping_status":"closed","sticky":false,"template":"","format":"standard","meta":{"csco_display_header_overlay":false,"csco_singular_sidebar":"","csco_page_header_type":"","csco_page_load_nextpost":"","csco_post_video_location":[],"csco_post_video_location_hash":"","csco_post_video_url":"","csco_post_video_bg_start_time":0,"csco_post_video_bg_end_time":0,"footnotes":""},"categories":[46],"tags":[],"class_list":{"0":"post-85520","1":"post","2":"type-post","3":"status-publish","4":"format-standard","5":"has-post-thumbnail","7":"category-wydarzenia","8":"cs-entry","9":"cs-video-wrap"},"_links":{"self":[{"href":"https:\/\/mediarun.com\/pl\/wp-json\/wp\/v2\/posts\/85520","targetHints":{"allow":["GET"]}}],"collection":[{"href":"https:\/\/mediarun.com\/pl\/wp-json\/wp\/v2\/posts"}],"about":[{"href":"https:\/\/mediarun.com\/pl\/wp-json\/wp\/v2\/types\/post"}],"author":[{"embeddable":true,"href":"https:\/\/mediarun.com\/pl\/wp-json\/wp\/v2\/users\/1"}],"replies":[{"embeddable":true,"href":"https:\/\/mediarun.com\/pl\/wp-json\/wp\/v2\/comments?post=85520"}],"version-history":[{"count":0,"href":"https:\/\/mediarun.com\/pl\/wp-json\/wp\/v2\/posts\/85520\/revisions"}],"wp:featuredmedia":[{"embeddable":true,"href":"https:\/\/mediarun.com\/pl\/wp-json\/wp\/v2\/media\/85521"}],"wp:attachment":[{"href":"https:\/\/mediarun.com\/pl\/wp-json\/wp\/v2\/media?parent=85520"}],"wp:term":[{"taxonomy":"category","embeddable":true,"href":"https:\/\/mediarun.com\/pl\/wp-json\/wp\/v2\/categories?post=85520"},{"taxonomy":"post_tag","embeddable":true,"href":"https:\/\/mediarun.com\/pl\/wp-json\/wp\/v2\/tags?post=85520"}],"curies":[{"name":"wp","href":"https:\/\/api.w.org\/{rel}","templated":true}]}}