{"id":85512,"date":"2005-11-10T06:00:00","date_gmt":"2005-11-10T05:00:00","guid":{"rendered":"https:\/\/mediarun.com\/index.php\/news-posts\/11-listopada-w-radiowej-dwojce\/"},"modified":"2005-11-10T06:00:00","modified_gmt":"2005-11-10T05:00:00","slug":"11-listopada-w-radiowej-dwojce","status":"publish","type":"post","link":"https:\/\/mediarun.com\/pl\/media\/radio\/11-listopada-w-radiowej-dwojce.html","title":{"rendered":"11 listopada w radiowej Dw\u00f3jce"},"content":{"rendered":"<p>Tego dnia zaprezentowane zostan\u0105 polskie pie\u015bni historyczne \u015bpiewane przez Ch\u00f3r Polskiego Radia (godz. 11.30). W audycji El\u017cbiety Gry\u0144-Stasik pt. Pejza\u017c polski znajdzie si\u0119 tak\u017ce liryka ch\u00f3ralna Henryka Miko\u0142aja G\u00f3reckiego (godz. 12.35) oraz liryka Feliksa Nowowiejskiego (godz. 15.00). S\u0142uchaczom Dw\u00f3jki przypomnimy recital fortepianowy Witolda Ma\u0142cu\u017cy\u0144skiego wykonany w Sali Senatorskiej Zamku na Wawelu 16 lutego 1959 r. (godz. 13.05). <BR><BR>O godz. 19.00 b\u0119dzie mo\u017cna wys\u0142ucha\u0107 koncertu Polonia Semper Fidelis odbywaj\u0105cego si\u0119 w ramach I Festiwalu Muzyki Polskiej w Krakowie w wykonaniu Polskiej Orkiestry Radiowej pod dyrekcj\u0105 Jerzego Maksymiuka, soli\u015bci: Iwona Sobotka &#8211; sopran, Ingolf Wunder &#8211; fortepian. W programie: Andrzej Panufnik Uwertura tragiczna; Tadeusz Baird Elegeia na orkiestr\u0119; Karol Szymanowski S\u0142opiewnie na sopran i orkiestr\u0119 op. 46 bis; Zbigniew Penherski Sygna\u0142y na orkiestr\u0119 symfoniczn\u0105; Fryderyk Chopin I Koncert fortepianowy e-moll op. 11.<BR><BR>O trudnym darze niepodleg\u0142o\u015bci, ludziach i zdarzeniach rozmawia\u0107 b\u0119dzie Hanna Maria Giza z autorem ksi\u0105\u017cki pt. Gorzka chwa\u0142a. Polska i jej los 1918-1939 z Richardem M. Wattem oraz polskimi historykami m.in. prof. Andrzejem Ajnenkielem (godz. 16.05-17.00).<BR><BR>S\u0142uchowisko pt. Zagubieni w historii wg. S\u0142awy i chwa\u0142y Jaros\u0142awa Iwaszkiewicza, w adaptacji Bogumi\u0142y Prz\u0105dki przedstawione zostanie w dw\u00f3ch cz\u0119\u015bciach o godz. 18.00 i o godz. 22.00.<\/p>\n","protected":false},"excerpt":{"rendered":"Dw\u00f3jka Polskie Radio przygotowa\u0142a na \u015awi\u0119to Niepodleg\u0142o\u015bci specjalny program.","protected":false},"author":1,"featured_media":85513,"comment_status":"open","ping_status":"closed","sticky":false,"template":"","format":"standard","meta":{"csco_display_header_overlay":false,"csco_singular_sidebar":"","csco_page_header_type":"","csco_page_load_nextpost":"","csco_post_video_location":[],"csco_post_video_location_hash":"","csco_post_video_url":"","csco_post_video_bg_start_time":0,"csco_post_video_bg_end_time":0,"footnotes":""},"categories":[9672],"tags":[],"class_list":{"0":"post-85512","1":"post","2":"type-post","3":"status-publish","4":"format-standard","5":"has-post-thumbnail","7":"category-radio","8":"cs-entry","9":"cs-video-wrap"},"_links":{"self":[{"href":"https:\/\/mediarun.com\/pl\/wp-json\/wp\/v2\/posts\/85512","targetHints":{"allow":["GET"]}}],"collection":[{"href":"https:\/\/mediarun.com\/pl\/wp-json\/wp\/v2\/posts"}],"about":[{"href":"https:\/\/mediarun.com\/pl\/wp-json\/wp\/v2\/types\/post"}],"author":[{"embeddable":true,"href":"https:\/\/mediarun.com\/pl\/wp-json\/wp\/v2\/users\/1"}],"replies":[{"embeddable":true,"href":"https:\/\/mediarun.com\/pl\/wp-json\/wp\/v2\/comments?post=85512"}],"version-history":[{"count":0,"href":"https:\/\/mediarun.com\/pl\/wp-json\/wp\/v2\/posts\/85512\/revisions"}],"wp:featuredmedia":[{"embeddable":true,"href":"https:\/\/mediarun.com\/pl\/wp-json\/wp\/v2\/media\/85513"}],"wp:attachment":[{"href":"https:\/\/mediarun.com\/pl\/wp-json\/wp\/v2\/media?parent=85512"}],"wp:term":[{"taxonomy":"category","embeddable":true,"href":"https:\/\/mediarun.com\/pl\/wp-json\/wp\/v2\/categories?post=85512"},{"taxonomy":"post_tag","embeddable":true,"href":"https:\/\/mediarun.com\/pl\/wp-json\/wp\/v2\/tags?post=85512"}],"curies":[{"name":"wp","href":"https:\/\/api.w.org\/{rel}","templated":true}]}}