{"id":85508,"date":"2005-11-10T10:11:08","date_gmt":"2005-11-10T09:11:08","guid":{"rendered":"https:\/\/mediarun.com\/index.php\/news-posts\/tvp-zaplaci-za-reklamy-sprzed-lat\/"},"modified":"2005-11-10T10:11:08","modified_gmt":"2005-11-10T09:11:08","slug":"tvp-zaplaci-za-reklamy-sprzed-lat","status":"publish","type":"post","link":"https:\/\/mediarun.com\/pl\/media\/tv\/tvp-zaplaci-za-reklamy-sprzed-lat.html","title":{"rendered":"TVP zap\u0142aci za reklamy sprzed lat"},"content":{"rendered":"<p>&#8211; TVP uzna\u0142a jego racje co do kwoty g\u0142\u00f3wnej. Nie chcia\u0142a jednak pogodzi\u0107 si\u0119 z sankcjami. Przypomina\u0142a, \u017ce w 2003 r. Naczelny S\u0105d Administracyjny uchyli\u0142 decyzje organ\u00f3w skarbowych i nakaza\u0142 ponowne rozpoznanie sprawy. Dyrektor izby zakwestionowa\u0142 w\u00f3wczas rozstrzygni\u0119cie urz\u0119du kontroli skarbowej i wyda\u0142 now\u0105 decyzj\u0119. By\u0142 ju\u017c jednak kwiecie\u0144 2005 r., a zatem obowi\u0105zywa\u0142a nowa ustawa o VAT. Artyku\u0142 27 ustawy Z 1993 r., na kt\u00f3ry powo\u0142ywa\u0142 si\u0119 organ przy ponownym wymierzaniu sankcji telewizji, ju\u017c nie istnia\u0142. Podatnik uzna\u0142 wi\u0119c, \u017ce decyzja zosta\u0142a wydana bez podstawy prawnej. W\u0142adze skarbowe nie chcia\u0142y ustapi\u0107. Twierdzi\u0142y, \u017ce najwa\u017cniejsza jest data zdarzenia, z kt\u00f3rym decyzja si\u0119 wi\u0105\u017ce. To za\u015b mia\u0142o miejsce w 1996 r., kiedy obowi\u0105zywa\u0142a stara ustawa o VAT. Podkre\u015bla\u0142y te\u017c, \u017ce pierwsza decyzja w sprawie pochodzi\u0142a z 1999 r., ta wydana 6 lat p\u00f3\u017aniej za\u015b jedynie j\u0105 modyfikowa\u0142a. &#8211; donosi &#8222;Rzeczpospolita&#8221;<\/p>\n","protected":false},"excerpt":{"rendered":"W sporze w\u0142adz skarbowych z Telewizj\u0105 Polsk\u0105 SA chodzi\u0142o o filmy reklamowe wy\u015bwietlane w 1996 r., od kt\u00f3rych sp\u00f3\u0142ka nie p\u0142aci\u0142a VAT. Inspektor kontroli skarbowej okre\u015bli\u0142 to jako b\u0142\u0105d. Nakaza\u0142 zap\u0142at\u0119 podatku i dodatkowych sankcji finansowych. &#8211; informuje &#8222;Rzeczpospolita&#8221;","protected":false},"author":1,"featured_media":0,"comment_status":"open","ping_status":"closed","sticky":false,"template":"","format":"standard","meta":{"csco_display_header_overlay":false,"csco_singular_sidebar":"","csco_page_header_type":"","csco_page_load_nextpost":"","csco_post_video_location":[],"csco_post_video_location_hash":"","csco_post_video_url":"","csco_post_video_bg_start_time":0,"csco_post_video_bg_end_time":0,"footnotes":""},"categories":[9670],"tags":[],"class_list":{"0":"post-85508","1":"post","2":"type-post","3":"status-publish","4":"format-standard","6":"category-tv","7":"cs-entry","8":"cs-video-wrap"},"_links":{"self":[{"href":"https:\/\/mediarun.com\/pl\/wp-json\/wp\/v2\/posts\/85508","targetHints":{"allow":["GET"]}}],"collection":[{"href":"https:\/\/mediarun.com\/pl\/wp-json\/wp\/v2\/posts"}],"about":[{"href":"https:\/\/mediarun.com\/pl\/wp-json\/wp\/v2\/types\/post"}],"author":[{"embeddable":true,"href":"https:\/\/mediarun.com\/pl\/wp-json\/wp\/v2\/users\/1"}],"replies":[{"embeddable":true,"href":"https:\/\/mediarun.com\/pl\/wp-json\/wp\/v2\/comments?post=85508"}],"version-history":[{"count":0,"href":"https:\/\/mediarun.com\/pl\/wp-json\/wp\/v2\/posts\/85508\/revisions"}],"wp:attachment":[{"href":"https:\/\/mediarun.com\/pl\/wp-json\/wp\/v2\/media?parent=85508"}],"wp:term":[{"taxonomy":"category","embeddable":true,"href":"https:\/\/mediarun.com\/pl\/wp-json\/wp\/v2\/categories?post=85508"},{"taxonomy":"post_tag","embeddable":true,"href":"https:\/\/mediarun.com\/pl\/wp-json\/wp\/v2\/tags?post=85508"}],"curies":[{"name":"wp","href":"https:\/\/api.w.org\/{rel}","templated":true}]}}