{"id":85507,"date":"2005-11-10T13:36:17","date_gmt":"2005-11-10T12:36:17","guid":{"rendered":"https:\/\/mediarun.com\/index.php\/news-posts\/porzadki-w-sekcji-polskiej-bbc\/"},"modified":"2005-11-10T13:36:17","modified_gmt":"2005-11-10T12:36:17","slug":"porzadki-w-sekcji-polskiej-bbc","status":"publish","type":"post","link":"https:\/\/mediarun.com\/pl\/media\/radio\/porzadki-w-sekcji-polskiej-bbc.html","title":{"rendered":"Porz\u0105dki w Sekcji Polskiej BBC"},"content":{"rendered":"<p>Program &#8222;Europa od \u015brodka&#8221;, po\u015bwi\u0119cony problemom Unii Europejskiej, nadawany by\u0142 codziennie o godzinie 11.55 w rozg\u0142o\u015bniach regionalnych Polskiego Radia. Sprawy europejskie poruszane s\u0105 tak\u017ce w &#8222;Magazynie Europejskim&#8221;. Magazyn na falach rozg\u0142o\u015bni Polskiego Radia pojawia si\u0119 w niedziel\u0119 o godzinie 22. Z kolei w &#8222;Magazynie pop-kulturalnym BBC&#8221; pojawiaj\u0105 si\u0119 relacje z imprez, wywiady z artystami czy zapowiedzi film\u00f3w.<\/p>\n<p>&#8211; Zacz\u0119li\u015bmy zamyka\u0107 programy, bo musimy przyst\u0105pi\u0107 do sprz\u0105tania, archiwizacji materia\u0142\u00f3w, wywi\u0105za\u0107 si\u0119 z zaleg\u0142ych zobowi\u0105za\u0144 urlopowych, itd. &#8211; wyja\u015bnia nam Marek Cajzner, redaktor naczelny Redakcji Polskiej BBC. &#8211; Nie widzimy te\u017c sensu w przeci\u0105ganiu agonii. \u015awiadomo\u015b\u0107 braku przysz\u0142o\u015bci musi zacz\u0105\u0107 w pewnym momencie rzutowa\u0107 postaw\u0119 zespo\u0142u a zatem na program. Wolimy zej\u015b\u0107 z anteny z dobrym produktem &#8211; \u017ceby pozosta\u0142a po nas dobra pami\u0119\u0107 &#8211; ni\u017c czeka\u0107 na jego degeneracj\u0119 &#8211; dodaje.<\/p>\n<p>23 grudnia po raz ostatni zostanie wyemitowany &#8222;Reflektor&#8221; i serwisy informacyjnego przygotowywane przez zesp\u00f3\u0142 BBC.<\/p>\n<p>Przypomnijmy, \u017ce dyrekcja Serwisu \u015awiatowego BBC og\u0142osi\u0142a plany otwarcia kana\u0142u telewizyjnego w j\u0119zyku arabskim. W celu zr\u00f3wnowa\u017cenia koszt\u00f3w podj\u0119to decyzj\u0119 o zaprzestaniu nadawania w dziesi\u0119ciu j\u0119zykach, w tym polskim.<\/p>\n","protected":false},"excerpt":{"rendered":"Sekcja Polska BBC ko\u0144czy produkcj\u0119 niekt\u00f3rych swoich program\u00f3w, kt\u00f3re pojawiaj\u0105 si\u0119 w rozg\u0142o\u015bniach regionalnych Polskiego Radia. W pi\u0105tek wyemitowano ostatnie wydanie programu &#8222;Europa od \u015brodka&#8221;. W sobot\u0119 po raz ostatni zostanie nadany &#8222;Magazyn pop-kulturalny BBC&#8221;, a w niedziel\u0119 &#8211; &#8222;Magazyn Europejski&#8221;.","protected":false},"author":1,"featured_media":0,"comment_status":"open","ping_status":"closed","sticky":false,"template":"","format":"standard","meta":{"csco_display_header_overlay":false,"csco_singular_sidebar":"","csco_page_header_type":"","csco_page_load_nextpost":"","csco_post_video_location":[],"csco_post_video_location_hash":"","csco_post_video_url":"","csco_post_video_bg_start_time":0,"csco_post_video_bg_end_time":0,"footnotes":""},"categories":[9672],"tags":[],"class_list":{"0":"post-85507","1":"post","2":"type-post","3":"status-publish","4":"format-standard","6":"category-radio","7":"cs-entry","8":"cs-video-wrap"},"_links":{"self":[{"href":"https:\/\/mediarun.com\/pl\/wp-json\/wp\/v2\/posts\/85507","targetHints":{"allow":["GET"]}}],"collection":[{"href":"https:\/\/mediarun.com\/pl\/wp-json\/wp\/v2\/posts"}],"about":[{"href":"https:\/\/mediarun.com\/pl\/wp-json\/wp\/v2\/types\/post"}],"author":[{"embeddable":true,"href":"https:\/\/mediarun.com\/pl\/wp-json\/wp\/v2\/users\/1"}],"replies":[{"embeddable":true,"href":"https:\/\/mediarun.com\/pl\/wp-json\/wp\/v2\/comments?post=85507"}],"version-history":[{"count":0,"href":"https:\/\/mediarun.com\/pl\/wp-json\/wp\/v2\/posts\/85507\/revisions"}],"wp:attachment":[{"href":"https:\/\/mediarun.com\/pl\/wp-json\/wp\/v2\/media?parent=85507"}],"wp:term":[{"taxonomy":"category","embeddable":true,"href":"https:\/\/mediarun.com\/pl\/wp-json\/wp\/v2\/categories?post=85507"},{"taxonomy":"post_tag","embeddable":true,"href":"https:\/\/mediarun.com\/pl\/wp-json\/wp\/v2\/tags?post=85507"}],"curies":[{"name":"wp","href":"https:\/\/api.w.org\/{rel}","templated":true}]}}