{"id":85500,"date":"2005-11-10T16:36:11","date_gmt":"2005-11-10T15:36:11","guid":{"rendered":"https:\/\/mediarun.com\/index.php\/news-posts\/naczelna-dwojki-w-radzie-programowej\/"},"modified":"2005-11-10T16:36:11","modified_gmt":"2005-11-10T15:36:11","slug":"naczelna-dwojki-w-radzie-programowej","status":"publish","type":"post","link":"https:\/\/mediarun.com\/pl\/media\/radio\/naczelna-dwojki-w-radzie-programowej.html","title":{"rendered":"Naczelna Dw\u00f3jki w Radzie Programowej"},"content":{"rendered":"<p>Rada programowa jest organem doradczym i opiniodawczym w sprawach zwi\u0105zanych z dzia\u0142alno\u015bci\u0105 statutow\u0105 Centrum. Minister Kultury powo\u0142a\u0142 w jej sk\u0142ad &#8211; na czteroletni\u0105 kadencj\u0119 (pa\u017adziernik 2005 &#8211; pa\u017adziernik 2009) pi\u0119\u0107 os\u00f3b:, prof. Krzysztofa Pendereckiego, prof. Henryka Miko\u0142aja G\u00f3reckiego, El\u017cbiet\u0119 Markowsk\u0105, prof. Teres\u0119 Ma\u0142eck\u0105 i prof. Henryka Tomaszewskiego.<\/p>\n<p>Przedmiotem dzia\u0142alno\u015bci Europejskiego Centrum Muzyki Krzysztofa Pendereckiego w Lus\u0142awicach jest wybudowanie Centrum i sali koncertowej, jak te\u017c dzia\u0142alno\u015b\u0107 statutowa &#8211; m.in. kszta\u0142cenie najbardziej uzdolnionych m\u0142odych muzyk\u00f3w z ca\u0142ego \u015bwiata do osi\u0105gni\u0119cia pe\u0142nej dojrza\u0142o\u015bci muzycznej oraz organizowanie w Centrum spotka\u0144 utalentowanych, m\u0142odych muzyk\u00f3w, pedagog\u00f3w i profesor\u00f3w w dziedzinie nauk humanistycznych, kt\u00f3rzy b\u0119d\u0105 dzieli\u0107 si\u0119 do\u015bwiadczeniami i wsp\u00f3lnie uczy\u0107 si\u0119 i studiowa\u0107 w duchu \u015brodkowo-europejskiej tradycji muzycznej.<\/p>\n<p>Do g\u0142\u00f3wnych zada\u0144 Rady nale\u017cy opiniowanie projekt\u00f3w jednorocznych i wieloletnich dzia\u0142ania Centrum, jak te\u017c projekt\u00f3w finansowych na ka\u017cdy rok.<\/p>\n","protected":false},"excerpt":{"rendered":"Dyrektor &#8211; redaktor naczelna radiowej Dw\u00f3jki, El\u017cbieta Markowska zosta\u0142a powo\u0142ana, przez ministra kultury Waldemara D\u0105browskiego, na cz\u0142onka Rady Programowej Europejskiego Centrum Muzyki Krzysztofa Pendereckiego.","protected":false},"author":1,"featured_media":85501,"comment_status":"open","ping_status":"closed","sticky":false,"template":"","format":"standard","meta":{"csco_display_header_overlay":false,"csco_singular_sidebar":"","csco_page_header_type":"","csco_page_load_nextpost":"","csco_post_video_location":[],"csco_post_video_location_hash":"","csco_post_video_url":"","csco_post_video_bg_start_time":0,"csco_post_video_bg_end_time":0,"footnotes":""},"categories":[9672],"tags":[],"class_list":{"0":"post-85500","1":"post","2":"type-post","3":"status-publish","4":"format-standard","5":"has-post-thumbnail","7":"category-radio","8":"cs-entry","9":"cs-video-wrap"},"_links":{"self":[{"href":"https:\/\/mediarun.com\/pl\/wp-json\/wp\/v2\/posts\/85500","targetHints":{"allow":["GET"]}}],"collection":[{"href":"https:\/\/mediarun.com\/pl\/wp-json\/wp\/v2\/posts"}],"about":[{"href":"https:\/\/mediarun.com\/pl\/wp-json\/wp\/v2\/types\/post"}],"author":[{"embeddable":true,"href":"https:\/\/mediarun.com\/pl\/wp-json\/wp\/v2\/users\/1"}],"replies":[{"embeddable":true,"href":"https:\/\/mediarun.com\/pl\/wp-json\/wp\/v2\/comments?post=85500"}],"version-history":[{"count":0,"href":"https:\/\/mediarun.com\/pl\/wp-json\/wp\/v2\/posts\/85500\/revisions"}],"wp:featuredmedia":[{"embeddable":true,"href":"https:\/\/mediarun.com\/pl\/wp-json\/wp\/v2\/media\/85501"}],"wp:attachment":[{"href":"https:\/\/mediarun.com\/pl\/wp-json\/wp\/v2\/media?parent=85500"}],"wp:term":[{"taxonomy":"category","embeddable":true,"href":"https:\/\/mediarun.com\/pl\/wp-json\/wp\/v2\/categories?post=85500"},{"taxonomy":"post_tag","embeddable":true,"href":"https:\/\/mediarun.com\/pl\/wp-json\/wp\/v2\/tags?post=85500"}],"curies":[{"name":"wp","href":"https:\/\/api.w.org\/{rel}","templated":true}]}}