{"id":85481,"date":"2005-11-11T20:51:08","date_gmt":"2005-11-11T19:51:08","guid":{"rendered":"https:\/\/mediarun.com\/index.php\/news-posts\/wlasny-program-zamiast-reflektora-bbc\/"},"modified":"2005-11-11T20:51:08","modified_gmt":"2005-11-11T19:51:08","slug":"wlasny-program-zamiast-reflektora-bbc","status":"publish","type":"post","link":"https:\/\/mediarun.com\/pl\/media\/radio\/wlasny-program-zamiast-reflektora-bbc.html","title":{"rendered":"W\u0142asny program zamiast &#8222;Reflektora BBC&#8221;?"},"content":{"rendered":"<p>Wsp\u00f3lne przedsi\u0119wzi\u0119cie rozg\u0142o\u015bni regionalnych Polskiego Radia, podobnie jak &#8222;Reflektor BBC&#8221;, mia\u0142oby podsumowywa\u0107 najwa\u017cniejsze wydarzenia. W\u0142adys\u0142aw Bogdanowski, prezes zarz\u0105du i redaktor naczelny Radia Olsztyn, t\u0142umaczy nam, \u017ce by\u0107 mo\u017ce Polskie Radio b\u0119dzie robi\u0107 tak\u0105 audycj\u0119. &#8211; Ale to jeszcze nic pewnego &#8211; dodaje.<\/p>\n<p>45-minutowy &#8222;Reflektor BBC&#8221; powstaje pod redakcj\u0105 Tomasza Mullera, a gospodarzem programu jest Wojciech Lorenz.<\/p>\n","protected":false},"excerpt":{"rendered":"Jak si\u0119 dowiedzieli\u015bmy, rozg\u0142o\u015bnie regionalne Polskiego Radia rozwa\u017caj\u0105 mo\u017cliwo\u015b\u0107 produkcji w\u0142asnej, wsp\u00f3lnej audycji publicystycznej, kt\u00f3ra mia\u0142aby zast\u0105pi\u0107 wkr\u00f3tce &#8222;Reflektor BBC&#8221;. Przygotowywany przez Sekcj\u0119 Polsk\u0105 BBC magazyn, w zwi\u0105zku z likwidacj\u0105 polskiej redakcji, po raz ostatni zostanie nadany, jak ju\u017c informowali\u015bmy, w pi\u0105tek 23 grudnia.","protected":false},"author":1,"featured_media":0,"comment_status":"open","ping_status":"closed","sticky":false,"template":"","format":"standard","meta":{"csco_display_header_overlay":false,"csco_singular_sidebar":"","csco_page_header_type":"","csco_page_load_nextpost":"","csco_post_video_location":[],"csco_post_video_location_hash":"","csco_post_video_url":"","csco_post_video_bg_start_time":0,"csco_post_video_bg_end_time":0,"footnotes":""},"categories":[9672],"tags":[],"class_list":{"0":"post-85481","1":"post","2":"type-post","3":"status-publish","4":"format-standard","6":"category-radio","7":"cs-entry","8":"cs-video-wrap"},"_links":{"self":[{"href":"https:\/\/mediarun.com\/pl\/wp-json\/wp\/v2\/posts\/85481","targetHints":{"allow":["GET"]}}],"collection":[{"href":"https:\/\/mediarun.com\/pl\/wp-json\/wp\/v2\/posts"}],"about":[{"href":"https:\/\/mediarun.com\/pl\/wp-json\/wp\/v2\/types\/post"}],"author":[{"embeddable":true,"href":"https:\/\/mediarun.com\/pl\/wp-json\/wp\/v2\/users\/1"}],"replies":[{"embeddable":true,"href":"https:\/\/mediarun.com\/pl\/wp-json\/wp\/v2\/comments?post=85481"}],"version-history":[{"count":0,"href":"https:\/\/mediarun.com\/pl\/wp-json\/wp\/v2\/posts\/85481\/revisions"}],"wp:attachment":[{"href":"https:\/\/mediarun.com\/pl\/wp-json\/wp\/v2\/media?parent=85481"}],"wp:term":[{"taxonomy":"category","embeddable":true,"href":"https:\/\/mediarun.com\/pl\/wp-json\/wp\/v2\/categories?post=85481"},{"taxonomy":"post_tag","embeddable":true,"href":"https:\/\/mediarun.com\/pl\/wp-json\/wp\/v2\/tags?post=85481"}],"curies":[{"name":"wp","href":"https:\/\/api.w.org\/{rel}","templated":true}]}}