{"id":85478,"date":"2005-11-12T16:09:47","date_gmt":"2005-11-12T15:09:47","guid":{"rendered":"https:\/\/mediarun.com\/index.php\/news-posts\/w-jedynce-o-mickiewiczu\/"},"modified":"2005-11-12T16:09:47","modified_gmt":"2005-11-12T15:09:47","slug":"w-jedynce-o-mickiewiczu","status":"publish","type":"post","link":"https:\/\/mediarun.com\/pl\/media\/radio\/w-jedynce-o-mickiewiczu.html","title":{"rendered":"W Jedynce o Mickiewiczu"},"content":{"rendered":"<p>Jedynka Polskiego Radia w audycjach Andrzeja Matula &#8222;Aleja Gwiazd&#8221; (godz. 17.05 &#8211; 18) proponuje trzycz\u0119\u015bciowy serial o Adamie Mickiewiczu zatytu\u0142owany &#8222;W ojczy\u017anie serce me zosta\u0142o&#8230;&#8221;. Kolejne odcinki emitowane b\u0119d\u0105 w dniach 12, 19 i 26 listopada, czyli w rocznic\u0119 \u015bmierci wybitnego poety. Poszczeg\u00f3lne odcinki uka\u017c\u0105 histori\u0119 i tw\u00f3rczo\u015b\u0107 ca\u0142ego okresu \u017cycia polskiego wieszcza. Narratork\u0105 i jednocze\u015bnie go\u015bciem Andrzeja Matula b\u0119dzie Barbara Wachowicz. W rol\u0119 Adama Mickiewicz wcieli si\u0119 Adam Maria\u0144ski &#8211; aktor Teatru Jaracza w \u0141odzi, pozosta\u0142e role odegra m\u0142odzie\u017c z lice\u00f3w i wy\u017cszych uczelni Poznania (aktorzy &#8222;Wigilii Polskich&#8221; w Teatrze Wielkim). W audycjach wyst\u0105pi\u0105 tak\u017ce organizatorzy i uczestnicy Mickiewiczowskiego Konkursu Szkolnego w Warszawie i m\u0142odzie\u017c z Liceum A. Mickiewicza w Ciechanowie. <\/p>\n<p>W listopadowych &#8222;Strofach wieczornych&#8221; w ramach audycji &#8222;Wiecz\u00f3r z Jedynk\u0105&#8221; mi\u0119dzy godzin\u0105 19.07, a 22 b\u0119dzie us\u0142ysze\u0107 mo\u017cna wiersze Adama Mickiewicza w interpretacji Marka Kondrata.<\/p>\n<p>21 listopada w Muzycznym Studiu Polskiego Radia im. Agnieszki Osieckiej o godzinie 19 odb\u0119dzie si\u0119 spektakl z cyklu &#8222;Teatr Polskiego Radia na \u017cywo w Jedynce&#8221; &#8211; zatytu\u0142owany &#8222;Ballady i romanse oraz wielkie monologi Adama Mickiewicza&#8221;. W spektaklu w re\u017cyserii Janusza Kuku\u0142y, kt\u00f3ry jest r\u00f3wnie\u017c autorem scenariusza, wyst\u0105pi\u0105 studenci Akademii Teatralnej w Warszawie.<\/p>\n","protected":false},"excerpt":{"rendered":"26 listopada br. przypada 150. rocznica \u015bmierci Adama Mickiewicza. Radiowa Jedynka uczci na swojej antenie pami\u0119\u0107 poety. Stacja przygotowa\u0142a specjalne propozycje programowe z tej okazji &#8211; serial o Adamie Mickiewiczu czy wiersze artysty w interpretacji Marka Kondrata.","protected":false},"author":1,"featured_media":85479,"comment_status":"open","ping_status":"closed","sticky":false,"template":"","format":"standard","meta":{"csco_display_header_overlay":false,"csco_singular_sidebar":"","csco_page_header_type":"","csco_page_load_nextpost":"","csco_post_video_location":[],"csco_post_video_location_hash":"","csco_post_video_url":"","csco_post_video_bg_start_time":0,"csco_post_video_bg_end_time":0,"footnotes":""},"categories":[9672],"tags":[],"class_list":{"0":"post-85478","1":"post","2":"type-post","3":"status-publish","4":"format-standard","5":"has-post-thumbnail","7":"category-radio","8":"cs-entry","9":"cs-video-wrap"},"_links":{"self":[{"href":"https:\/\/mediarun.com\/pl\/wp-json\/wp\/v2\/posts\/85478","targetHints":{"allow":["GET"]}}],"collection":[{"href":"https:\/\/mediarun.com\/pl\/wp-json\/wp\/v2\/posts"}],"about":[{"href":"https:\/\/mediarun.com\/pl\/wp-json\/wp\/v2\/types\/post"}],"author":[{"embeddable":true,"href":"https:\/\/mediarun.com\/pl\/wp-json\/wp\/v2\/users\/1"}],"replies":[{"embeddable":true,"href":"https:\/\/mediarun.com\/pl\/wp-json\/wp\/v2\/comments?post=85478"}],"version-history":[{"count":0,"href":"https:\/\/mediarun.com\/pl\/wp-json\/wp\/v2\/posts\/85478\/revisions"}],"wp:featuredmedia":[{"embeddable":true,"href":"https:\/\/mediarun.com\/pl\/wp-json\/wp\/v2\/media\/85479"}],"wp:attachment":[{"href":"https:\/\/mediarun.com\/pl\/wp-json\/wp\/v2\/media?parent=85478"}],"wp:term":[{"taxonomy":"category","embeddable":true,"href":"https:\/\/mediarun.com\/pl\/wp-json\/wp\/v2\/categories?post=85478"},{"taxonomy":"post_tag","embeddable":true,"href":"https:\/\/mediarun.com\/pl\/wp-json\/wp\/v2\/tags?post=85478"}],"curies":[{"name":"wp","href":"https:\/\/api.w.org\/{rel}","templated":true}]}}