{"id":85444,"date":"2005-11-14T09:07:07","date_gmt":"2005-11-14T08:07:07","guid":{"rendered":"https:\/\/mediarun.com\/index.php\/news-posts\/nadszedl-nowy-dzien\/"},"modified":"2005-11-14T09:07:07","modified_gmt":"2005-11-14T08:07:07","slug":"nadszedl-nowy-dzien","status":"publish","type":"post","link":"https:\/\/mediarun.com\/pl\/media\/prasa\/nadszedl-nowy-dzien.html","title":{"rendered":"Nadszed\u0142 &#8222;Nowy Dzie\u0144&#8221;"},"content":{"rendered":"<p>Gal\u0119 z okazji uruchomienia nowego tytu\u0142u poprowadzi\u0142 Jaros\u0142aw Kret. Z dziennikarzami spotkali si\u0119 prezes Agory Wanda Rapaczy\u0144ska i wiceprezes odpowiedzialny za nowy projekt  &#8211; Zbigniew B\u0105k. Nadej\u015bcie &#8222;Nowego Dnia&#8221; og\u0142osili Jerzy W\u00f3jcik, redaktor naczelny tytu\u0142u i Wojciech Fusek, wydawca. Dla ciekawostki przytoczyli oni fragment horoskopu jednej z gazet charakteruj\u0105cej si\u0119 &#8222;niemieck\u0105 precyzj\u0105&#8221;. Poleca\u0142a ona, aby w nadchodzacym tygodniu nie podejmowa\u0107 \u017cadnych wa\u017cnych nowych decyzji i nie kupowa\u0107 niczego, mimo \u017ce kosztuje 1 z\u0142. Tu\u017c przed uruchomieniem tytu\u0142u obydwaj tw\u00f3rcy &#8222;Nowego Dnia&#8221; zwr\u00f3cili si\u0119 \u017cartobliwie do zarz\u0105du Agory ze s\u0142owami &#8222;Pani prezes, Panie prezesie zadanie wykonane!&#8221;. <\/p>\n<p>Gazeta chce pokazywa\u0107 rzeczywisto\u015b\u0107, a nie j\u0105 tworzy\u0107. &#8222;Nowy Dzie\u0144&#8221; b\u0119dzie tytu\u0142em t\u0119tni\u0105cym \u017cyciem na ka\u017cdym kroku. Kiedy przygotowywano wydania zerowe i pierwszy numer tytu\u0142u, wywiadu nie chcia\u0142 udzieli\u0107 minister Wasserman odpowiedzialny za s\u0142u\u017cby specjalne. Jego wywiad nie doni\u00f3s\u0142 mu, \u017ce &#8222;Nowy dzie\u0144&#8221; istnieje.<\/p>\n<p>W dniu 14 listopada ukaza\u0142 si\u0119 pierwszy numer dziennika. &#8222;Nowy Dzie\u0144&#8221; b\u0119dzie si\u0119 ukazywa\u0142 6 razy w tygodniu i &#8211; poza wydaniem czwartkowym &#8211; b\u0119dzie kosztowa\u0142 1 z\u0142. W czwartki cena dziennika wraz z dodatkiem telewizyjnym wyniesie 1,5 z\u0142.<\/p>\n<p>Na podstawie wynik\u00f3w bada\u0144 marketingowych Sp\u00f3\u0142ka szacuje, \u017ce jeszcze w tym roku &#8222;Nowy Dzie\u0144&#8221; uplasuje si\u0119 w pierwszej tr\u00f3jce najlepiej sprzedaj\u0105cych si\u0119 dziennik\u00f3w w Polsce. Zgodnie z za\u0142o\u017ceniami Sp\u00f3\u0142ki, osi\u0105gni\u0119cie \u015bredniej tygodniowej sprzeda\u017cy egzemplarzy na poziomie 250.000 powinno zapewni\u0107 sukces finansowy przedsi\u0119wzi\u0119cia. Ze wzgl\u0119du na ch\u0119\u0107 dotarcia do wszystkich potencjalnych czytelnik\u00f3w, w pocz\u0105tkowym okresie Sp\u00f3\u0142ka planuje wysoki poziom nak\u0142ad\u00f3w i zwrot\u00f3w, aby uzyska\u0107 wysokie nasycenie rynku. <\/p>\n<p>Wej\u015bciu na rynek dziennika &#8222;Nowy Dzie\u0144&#8221; towarzyszy profesjonalnie przygotowana kampania promocyjna obejmuj\u0105ca wszystkie rodzaje medi\u00f3w. W celu osi\u0105gni\u0119cia zak\u0142adanych wynik\u00f3w sprzeda\u017cy egzemplarzy oraz budowania lojalnej grupy czytelnik\u00f3w, Sp\u00f3\u0142ka zamierza przeznaczy\u0107 istotne \u015brodki na dzia\u0142ania promocyjne i marketingowe. W czwartym kwartale 2005 r. wydatki te wynios\u0105 od 25 do 30 milion\u00f3w z\u0142, a w 2006 r. od 35 do 45 milion\u00f3w z\u0142. <\/p>\n<p><?plik(4029,'center','')?><\/p>\n<p><?plik(4030,'center','')?><\/p>\n","protected":false},"excerpt":{"rendered":"W kioskach na terenie ca\u0142ej Polski ukaza\u0142 si\u0119 d\u0142ugo przygotowywany nowy dziennik Agory. Zgromadzeni na uroczysto\u015bci uruchomienia &#8222;Nowego Dnia&#8221; dziennikarze mogli ju\u017c zapozna\u0107 si\u0119 z tytu\u0142em po 23:00. Tw\u00f3rcy dziennika chc\u0105 uciec od etykiety tabloidu. &#8222;Nowy Dzie\u0144&#8221; ma jednak wiele jego cech.","protected":false},"author":1,"featured_media":0,"comment_status":"open","ping_status":"closed","sticky":false,"template":"","format":"standard","meta":{"csco_display_header_overlay":false,"csco_singular_sidebar":"","csco_page_header_type":"","csco_page_load_nextpost":"","csco_post_video_location":[],"csco_post_video_location_hash":"","csco_post_video_url":"","csco_post_video_bg_start_time":0,"csco_post_video_bg_end_time":0,"footnotes":""},"categories":[9673],"tags":[],"class_list":{"0":"post-85444","1":"post","2":"type-post","3":"status-publish","4":"format-standard","6":"category-prasa","7":"cs-entry","8":"cs-video-wrap"},"_links":{"self":[{"href":"https:\/\/mediarun.com\/pl\/wp-json\/wp\/v2\/posts\/85444","targetHints":{"allow":["GET"]}}],"collection":[{"href":"https:\/\/mediarun.com\/pl\/wp-json\/wp\/v2\/posts"}],"about":[{"href":"https:\/\/mediarun.com\/pl\/wp-json\/wp\/v2\/types\/post"}],"author":[{"embeddable":true,"href":"https:\/\/mediarun.com\/pl\/wp-json\/wp\/v2\/users\/1"}],"replies":[{"embeddable":true,"href":"https:\/\/mediarun.com\/pl\/wp-json\/wp\/v2\/comments?post=85444"}],"version-history":[{"count":0,"href":"https:\/\/mediarun.com\/pl\/wp-json\/wp\/v2\/posts\/85444\/revisions"}],"wp:attachment":[{"href":"https:\/\/mediarun.com\/pl\/wp-json\/wp\/v2\/media?parent=85444"}],"wp:term":[{"taxonomy":"category","embeddable":true,"href":"https:\/\/mediarun.com\/pl\/wp-json\/wp\/v2\/categories?post=85444"},{"taxonomy":"post_tag","embeddable":true,"href":"https:\/\/mediarun.com\/pl\/wp-json\/wp\/v2\/tags?post=85444"}],"curies":[{"name":"wp","href":"https:\/\/api.w.org\/{rel}","templated":true}]}}