{"id":85423,"date":"2005-11-14T14:50:51","date_gmt":"2005-11-14T13:50:51","guid":{"rendered":"https:\/\/mediarun.com\/index.php\/news-posts\/pawel-konic-nie-zyje\/"},"modified":"2005-11-14T14:50:51","modified_gmt":"2005-11-14T13:50:51","slug":"pawel-konic-nie-zyje","status":"publish","type":"post","link":"https:\/\/mediarun.com\/pl\/media\/tv\/pawel-konic-nie-zyje.html","title":{"rendered":"Pawe\u0142 Konic nie \u017cyje"},"content":{"rendered":"<p>By\u0142 uznanym krytykiem teatralnym i publicyst\u0105. Pracowa\u0142 m.in. w redakcjach &#8222;Dialogu&#8221; i &#8222;Teatru&#8221;. Przez wiele lat by\u0142 kierownikiem artystycznym Teatru Ma\u0142ego w Warszawie &#8211; impresaryjnej sceny podleg\u0142ej Teatrowi Narodowemu, a wcze\u015bniej kierownikiem artystycznym Teatru Dramatycznego w Warszawie i kierownikiem literackim Teatru im. Jaracza w \u0141odzi. Bra\u0142 udzia\u0142 w pracach komisji artystycznych i jury wielu festiwali teatralnych. By\u0142 osob\u0105 niezwykle zas\u0142u\u017con\u0105 dla teatru w Polsce. Mia\u0142 51 lat. <\/p>\n","protected":false},"excerpt":{"rendered":"W nocy z 10 na 11 listopada zmar\u0142 Pawe\u0142 Konic, od 1 stycznia 2004 r. kierownik artystyczny Teatru Telewizji TVP.","protected":false},"author":1,"featured_media":85424,"comment_status":"open","ping_status":"closed","sticky":false,"template":"","format":"standard","meta":{"csco_display_header_overlay":false,"csco_singular_sidebar":"","csco_page_header_type":"","csco_page_load_nextpost":"","csco_post_video_location":[],"csco_post_video_location_hash":"","csco_post_video_url":"","csco_post_video_bg_start_time":0,"csco_post_video_bg_end_time":0,"footnotes":""},"categories":[9670],"tags":[],"class_list":{"0":"post-85423","1":"post","2":"type-post","3":"status-publish","4":"format-standard","5":"has-post-thumbnail","7":"category-tv","8":"cs-entry","9":"cs-video-wrap"},"_links":{"self":[{"href":"https:\/\/mediarun.com\/pl\/wp-json\/wp\/v2\/posts\/85423","targetHints":{"allow":["GET"]}}],"collection":[{"href":"https:\/\/mediarun.com\/pl\/wp-json\/wp\/v2\/posts"}],"about":[{"href":"https:\/\/mediarun.com\/pl\/wp-json\/wp\/v2\/types\/post"}],"author":[{"embeddable":true,"href":"https:\/\/mediarun.com\/pl\/wp-json\/wp\/v2\/users\/1"}],"replies":[{"embeddable":true,"href":"https:\/\/mediarun.com\/pl\/wp-json\/wp\/v2\/comments?post=85423"}],"version-history":[{"count":0,"href":"https:\/\/mediarun.com\/pl\/wp-json\/wp\/v2\/posts\/85423\/revisions"}],"wp:featuredmedia":[{"embeddable":true,"href":"https:\/\/mediarun.com\/pl\/wp-json\/wp\/v2\/media\/85424"}],"wp:attachment":[{"href":"https:\/\/mediarun.com\/pl\/wp-json\/wp\/v2\/media?parent=85423"}],"wp:term":[{"taxonomy":"category","embeddable":true,"href":"https:\/\/mediarun.com\/pl\/wp-json\/wp\/v2\/categories?post=85423"},{"taxonomy":"post_tag","embeddable":true,"href":"https:\/\/mediarun.com\/pl\/wp-json\/wp\/v2\/tags?post=85423"}],"curies":[{"name":"wp","href":"https:\/\/api.w.org\/{rel}","templated":true}]}}