{"id":85422,"date":"2005-11-14T14:52:24","date_gmt":"2005-11-14T13:52:24","guid":{"rendered":"https:\/\/mediarun.com\/index.php\/news-posts\/pot-do-rejestracji\/"},"modified":"2005-11-14T14:52:24","modified_gmt":"2005-11-14T13:52:24","slug":"pot-do-rejestracji","status":"publish","type":"post","link":"https:\/\/mediarun.com\/pl\/media\/tv\/pot-do-rejestracji.html","title":{"rendered":"POT do rejestracji"},"content":{"rendered":"<p>&#8222;Pierwotnie udzia\u0142y mia\u0142a w nim obj\u0105\u0107 tak\u017ce TVP, ale nadawca publiczny postanowi\u0142 samodzielnie ubiega\u0107 si\u0119 o cz\u0119stotliwo\u015bci cyfrowe. Prezesem sp\u00f3\u0142ki b\u0119dzie Wies\u0142aw Walendziak, a cz\u0142onkami zarz\u0105du Tomasz Berezowski (cz\u0142onek zarz\u0105du TVN) i Adam Brodziak (szef techniczny Polsatu). W kwietniu POT mia\u0142 status sp\u00f3\u0142ki w organizacji, gdy\u017c jego za\u0142o\u017cyciele czekali na zgod\u0119 UOKiK.&#8221; &#8211; pisze dziennik.<\/p>\n<p>&#8222;Pan Walendziak prowadzi nasz projekt od pocz\u0105tku i nie chcemy rezygnowa\u0107 z jego wiedzy i kompetencji powiedzia\u0142 nam mimo to Piotr Walter, prezes TVN. I doda\u0142, \u017ce odby\u0142 z Walendziakiem d\u0142ug\u0105 rozmow\u0119, podczas kt\u00f3rej by\u0142y pose\u0142 PiS zapewni\u0142, \u017ce jego praca w Prokomie, nie b\u0119dzie kolidowa\u0142a z obowi\u0105zkami w POT. Adam Brodziak powiedzia\u0142 PAC, \u017ce POT chce uruchomi\u0107 w najbli\u017cszym czasie testowe nadawanie cyfrowe w Warszawie i \u0141odzi.&#8221;<\/p>\n<p>&#8222;Jego zdaniem w zwi\u0105zku z op\u00f3\u017anieniami w uruchamianiu telewizji cyfrowej POT m\u00f3g\u0142by przej\u015b\u0107 do dzia\u0142alno\u015bci komercyjnej dopiero za rok. KRRiT ju\u017c od kilku miesi\u0119cy przygotowuje konkurs na cz\u0119stotliwo\u015bci cyfrowe. Telewizja cyfrowa ma zast\u0105pi\u0107 naziemn\u0105 telewizj\u0119 analogow\u0105 do ko\u0144ca 2014.&#8221; &#8211; czytamy w Gazecie Wyborczej.<\/p>\n","protected":false},"excerpt":{"rendered":"&#8222;Polsat i TVN maj\u0105 w tym tygodniu skierowa\u0107 wniosek o rejestracj\u0119 Polskiego Operatora Telewizyjnego (POT) do Krajowego Rejestru S\u0105dowego. POT ma by\u0107 operatorem naziemnej telewizji cyfrowej.&#8221; &#8211; czytamy w Gazecie Wyborczej.","protected":false},"author":1,"featured_media":0,"comment_status":"open","ping_status":"closed","sticky":false,"template":"","format":"standard","meta":{"csco_display_header_overlay":false,"csco_singular_sidebar":"","csco_page_header_type":"","csco_page_load_nextpost":"","csco_post_video_location":[],"csco_post_video_location_hash":"","csco_post_video_url":"","csco_post_video_bg_start_time":0,"csco_post_video_bg_end_time":0,"footnotes":""},"categories":[9670],"tags":[],"class_list":{"0":"post-85422","1":"post","2":"type-post","3":"status-publish","4":"format-standard","6":"category-tv","7":"cs-entry","8":"cs-video-wrap"},"_links":{"self":[{"href":"https:\/\/mediarun.com\/pl\/wp-json\/wp\/v2\/posts\/85422","targetHints":{"allow":["GET"]}}],"collection":[{"href":"https:\/\/mediarun.com\/pl\/wp-json\/wp\/v2\/posts"}],"about":[{"href":"https:\/\/mediarun.com\/pl\/wp-json\/wp\/v2\/types\/post"}],"author":[{"embeddable":true,"href":"https:\/\/mediarun.com\/pl\/wp-json\/wp\/v2\/users\/1"}],"replies":[{"embeddable":true,"href":"https:\/\/mediarun.com\/pl\/wp-json\/wp\/v2\/comments?post=85422"}],"version-history":[{"count":0,"href":"https:\/\/mediarun.com\/pl\/wp-json\/wp\/v2\/posts\/85422\/revisions"}],"wp:attachment":[{"href":"https:\/\/mediarun.com\/pl\/wp-json\/wp\/v2\/media?parent=85422"}],"wp:term":[{"taxonomy":"category","embeddable":true,"href":"https:\/\/mediarun.com\/pl\/wp-json\/wp\/v2\/categories?post=85422"},{"taxonomy":"post_tag","embeddable":true,"href":"https:\/\/mediarun.com\/pl\/wp-json\/wp\/v2\/tags?post=85422"}],"curies":[{"name":"wp","href":"https:\/\/api.w.org\/{rel}","templated":true}]}}