{"id":85405,"date":"2005-11-15T00:13:52","date_gmt":"2005-11-14T23:13:52","guid":{"rendered":"https:\/\/mediarun.com\/index.php\/news-posts\/media-lokalne-w-polsce-po-15-latach\/"},"modified":"2005-11-15T00:13:52","modified_gmt":"2005-11-14T23:13:52","slug":"media-lokalne-w-polsce-po-15-latach","status":"publish","type":"post","link":"https:\/\/mediarun.com\/pl\/media\/radio\/media-lokalne-w-polsce-po-15-latach.html","title":{"rendered":"Media lokalne w Polsce po 15. latach"},"content":{"rendered":"<p>Na sesj\u0119 plenarn\u0105, kt\u00f3ra odb\u0119dzie si\u0119 w Radiu Krak\u00f3w mi\u0119dzy godzin\u0105 9, a 15 z\u0142o\u017c\u0105 si\u0119 nast\u0119puj\u0105ce wyst\u0105pienia i referaty: dr Artur Paszko, Stanis\u0142aw Lis, Bogumi\u0142 Nowicki &#8211; uroczyste otwarcie, prof. dr hab. Jerzy Jarowiecki &#8211; wprowadzenie do tematyki obrad, dr hab. Stanis\u0142aw Michalczyk &#8211; prasa lokalna: problemy terminologiczne, typologia, dr hab. Ryszard Kowalczyk &#8211; rozw\u00f3j prasy lokalnej w Polsce po 1989 roku, dr hab. Marian Miko\u0142aj Gierula &#8211; znaczenie medi\u00f3w lokalnych w \u017cyciu spo\u0142eczno\u015bci lokalnych, dr hab. Ignacy S. Fiut &#8211; prasa bezp\u0142atna i lokalna w Ma\u0142opolsce (nowe zjawiska), dr Edward Chudzi\u0144ski &#8211; regionalizm &#8211; lokalizm &#8211; media (aspekt historyczny i wsp\u00f3\u0142czesny), mgr W\u0142odzimierz Chor\u0105zki &#8211; obraz statystyczny polskich medi\u00f3w lokalnych, Tadeusz Skoczek &#8211; regionalne i lokalne media elektroniczne (systemowe mo\u017cliwo\u015bci rozwoju), dr Wojciech Kajtoch &#8211; j\u0119zyk prasy lokalnej, dr W\u0142adys\u0142aw Kolasa, dr Artur Paszko &#8211; wsp\u00f3\u0142czesne ma\u0142opolskie media oraz Jakub Wajdzik &#8211; radio lokalne w Polsce (narodziny i rozw\u00f3j).<\/p>\n<p>Specjalna wystawa &#8222;Ma\u0142opolskie media lokalne&#8221; po\u0142\u0105czona wraz z promocj\u0105 ksi\u0105\u017cki: &#8222;Katalog ma\u0142opolskich medi\u00f3w lokalnych i regionalnych 2005&#8221; zostanie otwarta w Wojew\u00f3dzkiej Bibliotece Publicznej w Krakowie przy ul. Rajskiej 1 o godz. 16.30.<\/p>\n<p>R\u00f3wnie\u017c w Wojew\u00f3dzkiej Bibliotece Publicznej w Krakowie mi\u0119dzy 17 a 18.30 odb\u0119d\u0105 si\u0119 dwie dyskusje panelowe. Moderatorem dyskusji &#8222;Media lokalne u progu XXI wieku (mi\u0119dzy misj\u0105 a komercj\u0105)&#8221; b\u0119dzie Ryszard Niemiec (&#8222;Gazeta Krakowska&#8221;), dyskutantami &#8211; m.in. T. Domalewski (&#8222;Dziennik Polski&#8221;), S. Blumsztajn (&#8222;Gazeta Wyborcza&#8221;), M. Kwa\u015bniewski (&#8222;Gazeta Krakowska&#8221;), J. Andrzejowski (Radio Krak\u00f3w), red. B. Nowak (TVP3 Krak\u00f3w), dr hab. I. S. Fiut, dr E. Chudzi\u0144ski, dr Marek Jachimowski, mgr W. Chor\u0105zki, przedstawiciele organizacji dziennikarskich i inni. &#8222;Media lokalne (pytanie o niezale\u017cno\u015b\u0107)&#8221; &#8211; to tytu\u0142 drugiego panelu, kt\u00f3rego moderatorem b\u0119dzie prof. dr hab. Jerzy Miku\u0142owski Pomorski, a dyskutantami m. in. prof. dr hab. T. Goban&#8211;Klas, prof. dr hab. W. Pisarek, red. T. Skoczek (TVP), red. Ks. D. Ra\u015b (Radio Plus), red. B. Pa\u0142czy\u0144ska, dr Z. Bajka, dr R. Filas, dr S. Dziki, prof. dr hab. K. Wo\u017aniakowski, przedstawiciele organizacji dziennikarskich i inni.<\/p>\n<p>Konferencja jest cz\u0119\u015bci\u0105 XII Og\u00f3lnopolskiego Sejmiku Medi\u00f3w Lokalnych. Organizatorami s\u0105 Wojew\u00f3dzka Biblioteka Publiczna w Krakowie oraz Polska Akademia Nauk Oddzia\u0142 w Krakowie Komisja Prasoznawcza.<\/p>\n<p>Patronat honorowy obj\u0119li: Minister Kultury, Wojewoda Ma\u0142opolski, Marsza\u0142ek Wojew\u00f3dztwa Ma\u0142opolskiego oraz Prezydent Miasta Krakowa.<\/p>\n<p>Patronat medialny: Portal Medialny mediaFM.net, TVP 3 Krak\u00f3w , Radio Krak\u00f3w Ma\u0142opolska, &#8222;Gazeta Wyborcza&#8221;, &#8222;Gazeta Krakowska&#8221;, &#8222;Dziennik Polski&#8221;.<\/p>\n","protected":false},"excerpt":{"rendered":"W czwartek w Studiu S-5 Radia Krak\u00f3w odb\u0119dzie si\u0119 konferencja zatytu\u0142owana &#8222;Media lokalne w Polsce &#8211; pi\u0119tna\u015bcie lat do\u015bwiadcze\u0144&#8221;. Organizatorzy zaplanowali sesje plenarn\u0105 z referatami po\u015bwi\u0119conymi mediom lokalnym, wystaw\u0119 po\u015bwi\u0119con\u0105 ma\u0142opolskim mediom, oraz dyskusje panelowe.","protected":false},"author":1,"featured_media":0,"comment_status":"open","ping_status":"closed","sticky":false,"template":"","format":"standard","meta":{"csco_display_header_overlay":false,"csco_singular_sidebar":"","csco_page_header_type":"","csco_page_load_nextpost":"","csco_post_video_location":[],"csco_post_video_location_hash":"","csco_post_video_url":"","csco_post_video_bg_start_time":0,"csco_post_video_bg_end_time":0,"footnotes":""},"categories":[9672],"tags":[],"class_list":{"0":"post-85405","1":"post","2":"type-post","3":"status-publish","4":"format-standard","6":"category-radio","7":"cs-entry","8":"cs-video-wrap"},"_links":{"self":[{"href":"https:\/\/mediarun.com\/pl\/wp-json\/wp\/v2\/posts\/85405","targetHints":{"allow":["GET"]}}],"collection":[{"href":"https:\/\/mediarun.com\/pl\/wp-json\/wp\/v2\/posts"}],"about":[{"href":"https:\/\/mediarun.com\/pl\/wp-json\/wp\/v2\/types\/post"}],"author":[{"embeddable":true,"href":"https:\/\/mediarun.com\/pl\/wp-json\/wp\/v2\/users\/1"}],"replies":[{"embeddable":true,"href":"https:\/\/mediarun.com\/pl\/wp-json\/wp\/v2\/comments?post=85405"}],"version-history":[{"count":0,"href":"https:\/\/mediarun.com\/pl\/wp-json\/wp\/v2\/posts\/85405\/revisions"}],"wp:attachment":[{"href":"https:\/\/mediarun.com\/pl\/wp-json\/wp\/v2\/media?parent=85405"}],"wp:term":[{"taxonomy":"category","embeddable":true,"href":"https:\/\/mediarun.com\/pl\/wp-json\/wp\/v2\/categories?post=85405"},{"taxonomy":"post_tag","embeddable":true,"href":"https:\/\/mediarun.com\/pl\/wp-json\/wp\/v2\/tags?post=85405"}],"curies":[{"name":"wp","href":"https:\/\/api.w.org\/{rel}","templated":true}]}}