{"id":85384,"date":"2005-11-15T06:00:00","date_gmt":"2005-11-15T05:00:00","guid":{"rendered":"https:\/\/mediarun.com\/index.php\/news-posts\/po-pierwszym-nowym-dniu\/"},"modified":"2005-11-15T06:00:00","modified_gmt":"2005-11-15T05:00:00","slug":"po-pierwszym-nowym-dniu","status":"publish","type":"post","link":"https:\/\/mediarun.com\/pl\/media\/prasa\/po-pierwszym-nowym-dniu.html","title":{"rendered":"Po pierwszym Nowym Dniu"},"content":{"rendered":"<p><P>w t\u0119 gazet\u0119 przez najbli\u017csze kilka lat. <\/P><br \/>\n<P>&#8211; Nowy Dzie\u0144 jest przyst\u0119pniejszy od dziennik\u00f3w politycznych, m\u0105drzejszy od brukowc\u00f3w i nowocze\u015bniejszy od gazet regionalnych &#8211; powiedzia\u0142 w poniedzia\u0142ek na konferencji prasowej w siedzibie Agory redaktor naczelny Jerzy W\u00f3jcik. <\/P><br \/>\n<P>Jak powiedzia\u0142 wiceprezes zarz\u0105du Agory, Zbigniew B\u0105k, sp\u00f3\u0142ka chce, by Nowy Dzie\u0144 do ko\u0144ca roku sta\u0142 si\u0119 jedn\u0105 z trzech najlepiej sprzedaj\u0105cych si\u0119 gazet w Polsce &#8211; ma osi\u0105gn\u0105\u0107 \u015bredni\u0105 tygodniow\u0105 sprzeda\u017c na poziomie 250 tys. egzemplarzy. Dlatego, jak t\u0142umaczy\u0142, Agora jest gotowa inwestowa\u0107 w dziennik, nawet je\u015bli b\u0119dzie ponosi\u0107 w zwi\u0105zku z tym straty. <\/P><br \/>\n<P>Wyja\u015bni\u0142, \u017ce wed\u0142ug szacunk\u00f3w rentowno\u015b\u0107 Nowy Dzie\u0144 osi\u0105gnie po 3 latach dzia\u0142alno\u015bci. W 2006 r. sp\u00f3\u0142ka jest gotowa wyda\u0107 na promocj\u0119 dziennika od 35 do 45 mln z\u0142. W sumie, w ci\u0105gu najbli\u017cszych trzech lat Agora jest gotowa wyda\u0107 od 60 do 80 mln z\u0142 na Nowy Dzie\u0144, przy czym z ka\u017cdym rokiem liczy na wzrost <BR>sprzeda\u017cy gazety. <\/P><br \/>\n<P>&#8211; Agora jest silna finansowo (&#8230;) i jest bardzo zmotywowana do walki rynkowej &#8211; m\u00f3wi\u0142 B\u0105k. &#8211; Jeste\u015bmy przygotowani na ka\u017cde wyzwanie &#8211; podkre\u015bli\u0142.<\/P><br \/>\n<P>Prezes zarz\u0105du Agory, Wanda Rapaczy\u0144ska powiedzia\u0142a, \u017ce Nowy Dzie\u0144 to kolejny etap realizacji strategii rozwoju grupy. &#8211; Inwestujemy w rynek prasy codziennej. Wierzymy w jego rozw\u00f3j, udowodnili\u015bmy, \u017ce dobrze si\u0119 na nim znamy i na nim chcemy umocni\u0107 i rozbudowa\u0107 nasz\u0105 pozycj\u0119. Dlatego b\u0119dziemy konsekwentnie inwestowa\u0107 zar\u00f3wno w Nowy Dzie\u0144, Gazet\u0119 Wyborcz\u0105 i bezp\u0142atne Metro &#8211; t\u0142umaczy\u0142a. <\/P><br \/>\n<P>Wydawca Wojciech Fusek powiedzia\u0142, \u017ce dziennik b\u0119dzie dost\u0119pny w prawie wszystkich mo\u017cliwych punktach sprzeda\u017cy. &#8211; B\u0119dziemy starali si\u0119 maksymalnie nasyci\u0107 rynek du\u017cym nak\u0142adem, licz\u0105c si\u0119 na pocz\u0105tku z wysokim poziomem zwrot\u00f3w &#8211; m\u00f3wi\u0142. Poniedzia\u0142kowy nak\u0142ad dziennika wyni\u00f3s\u0142 800 tys. egzemplarzy.&nbsp; <\/P><br \/>\n<P>Wed\u0142ug redaktora naczelnego nowego dziennika, gazeta jest skierowana do ludzi z wykszta\u0142ceniem \u015brednim i wy\u017cszym, w wieku 25-50 lat, mieszkaj\u0105cych w miastach i miasteczkach, zarabiaj\u0105cych co najmniej 1500 z\u0142 netto. Zdaniem W\u00f3jcika, wa\u017cn\u0105 cech\u0105 potencjalnych czytelnik\u00f3w dziennika jest to, \u017ce bardziej od kariery ceni\u0105 oni sobie rodzin\u0119, \u017cyj\u0105 w sta\u0142ych zwi\u0105zkach i marz\u0105 o tym, by ich dzieci osi\u0105gn\u0119\u0142y wi\u0119cej ni\u017c oni. <\/P><br \/>\n<P>W\u00f3jcik t\u0142umaczy\u0142, \u017ce Nowy Dzie\u0144 szanuje swoich czytelnik\u00f3w, dlatego nie b\u0119dzie epatowa\u0142 brukowym j\u0119zykiem. &#8211; Brukowce w wielu przypadkach wymy\u015blaj\u0105 rzeczywisto\u015b\u0107, my nie&#8221; &#8211; t\u0142umaczy\u0142. Zaznaczy\u0142, \u017ce dziennik nie b\u0119dzie unika\u0142 temat\u00f3w politycznych, ale najwa\u017cniejszym wyzwaniem dla dziennikarzy s\u0105 tematy spo\u0142eczne.&nbsp; <\/P><br \/>\n<P>Gazeta kosztuje 1 z\u0142, dro\u017csza (1,50 z\u0142) b\u0119dzie jedynie w czwartki, kiedy do\u0142\u0105czony b\u0119dzie do niej magazyn TV. Ma mie\u0107 od 28 do 32 stron. Artyku\u0142y s\u0105 kr\u00f3tkie, prawie wszystkie s\u0105 opatrzone du\u017cymi, kolorowymi zdj\u0119ciami. W redakcji pracuje obecnie ok. 100 os\u00f3b.<BR><BR><STRONG>Jakie s\u0105 Pa\u0144stwa opinie po lekturze pierwszego numeru?<\/STRONG><\/P><\/p>\n","protected":false},"excerpt":{"rendered":"Nowy dziennik sp\u00f3\u0142ki Agora Nowy Dzie\u0144 ukaza\u0142 si\u0119 wczoraj po raz pierwszy. Agora chce na jego promocj\u0119 przeznaczy\u0107 do ko\u0144ca roku od 25 do 30 mln z\u0142 i jest gotowa inwestowa\u0107&#8230;","protected":false},"author":1,"featured_media":85385,"comment_status":"open","ping_status":"closed","sticky":false,"template":"","format":"standard","meta":{"csco_display_header_overlay":false,"csco_singular_sidebar":"","csco_page_header_type":"","csco_page_load_nextpost":"","csco_post_video_location":[],"csco_post_video_location_hash":"","csco_post_video_url":"","csco_post_video_bg_start_time":0,"csco_post_video_bg_end_time":0,"footnotes":""},"categories":[9673],"tags":[],"class_list":{"0":"post-85384","1":"post","2":"type-post","3":"status-publish","4":"format-standard","5":"has-post-thumbnail","7":"category-prasa","8":"cs-entry","9":"cs-video-wrap"},"_links":{"self":[{"href":"https:\/\/mediarun.com\/pl\/wp-json\/wp\/v2\/posts\/85384","targetHints":{"allow":["GET"]}}],"collection":[{"href":"https:\/\/mediarun.com\/pl\/wp-json\/wp\/v2\/posts"}],"about":[{"href":"https:\/\/mediarun.com\/pl\/wp-json\/wp\/v2\/types\/post"}],"author":[{"embeddable":true,"href":"https:\/\/mediarun.com\/pl\/wp-json\/wp\/v2\/users\/1"}],"replies":[{"embeddable":true,"href":"https:\/\/mediarun.com\/pl\/wp-json\/wp\/v2\/comments?post=85384"}],"version-history":[{"count":0,"href":"https:\/\/mediarun.com\/pl\/wp-json\/wp\/v2\/posts\/85384\/revisions"}],"wp:featuredmedia":[{"embeddable":true,"href":"https:\/\/mediarun.com\/pl\/wp-json\/wp\/v2\/media\/85385"}],"wp:attachment":[{"href":"https:\/\/mediarun.com\/pl\/wp-json\/wp\/v2\/media?parent=85384"}],"wp:term":[{"taxonomy":"category","embeddable":true,"href":"https:\/\/mediarun.com\/pl\/wp-json\/wp\/v2\/categories?post=85384"},{"taxonomy":"post_tag","embeddable":true,"href":"https:\/\/mediarun.com\/pl\/wp-json\/wp\/v2\/tags?post=85384"}],"curies":[{"name":"wp","href":"https:\/\/api.w.org\/{rel}","templated":true}]}}