{"id":85351,"date":"2005-11-15T09:50:46","date_gmt":"2005-11-15T08:50:46","guid":{"rendered":"https:\/\/mediarun.com\/index.php\/news-posts\/sciagalnosc-nadal-slaba\/"},"modified":"2005-11-15T09:50:46","modified_gmt":"2005-11-15T08:50:46","slug":"sciagalnosc-nadal-slaba","status":"publish","type":"post","link":"https:\/\/mediarun.com\/pl\/media\/tv\/sciagalnosc-nadal-slaba.html","title":{"rendered":"\u015aci\u0105galno\u015b\u0107 nadal s\u0142aba"},"content":{"rendered":"<p>&#8211; W ocenie przedstawicieli Krajowej Rady Radiofonii i Telewizji, do p\u0142acenia abonamentu zdyscyplinowa\u0107 mo\u017ce jego obni\u017cenie o 30-40 proc. i jego rozliczanie w rocznym zeznaniu podatkowym. &#8211; donosi &#8222;Gazeta Prawna&#8221;<\/p>\n<p>Z danych uzyskanych przez &#8222;GP&#8221; w Krajowej Radzie Radiofonii i Telewizji wynika, \u017ce ok. 2,8 mln gospodarstw domowych (wed\u0142ug stanu na 31 grudnia 2004 r.) by\u0142o zwolnionych z p\u0142acenia abonamentu RTV zgodnie z obowi\u0105zuj\u0105cymi przepisami &#8211; stanowili oni ponad 31 proc. maj\u0105cych zarejestrowane odbiorniki. <\/p>\n<p>&#8211; Z kolei 32,4 proc. gospodarstw domowych odbiornik\u00f3w nie zarejestrowa\u0142o. Z tego powodu wp\u0142ywy z abonamentu s\u0105 ni\u017csze o ok. 770 mln z\u0142. &#8211; czytamy w &#8222;Gazecie Prawnej&#8221;<\/p>\n","protected":false},"excerpt":{"rendered":"Ponad 4 miliony spo\u015br\u00f3d 13,4 mln gospodarstw domowych nie ma zarejestrowanych odbiornik\u00f3w radiowych i telewizyjnych. Z tego powodu brakuj\u0105ce wp\u0142ywy z abonamentu szacuje si\u0119 na oko\u0142o 770 mln z\u0142. &#8211; informuje &#8222;Gazeta Prawna&#8221;","protected":false},"author":1,"featured_media":0,"comment_status":"open","ping_status":"closed","sticky":false,"template":"","format":"standard","meta":{"csco_display_header_overlay":false,"csco_singular_sidebar":"","csco_page_header_type":"","csco_page_load_nextpost":"","csco_post_video_location":[],"csco_post_video_location_hash":"","csco_post_video_url":"","csco_post_video_bg_start_time":0,"csco_post_video_bg_end_time":0,"footnotes":""},"categories":[9670],"tags":[],"class_list":{"0":"post-85351","1":"post","2":"type-post","3":"status-publish","4":"format-standard","6":"category-tv","7":"cs-entry","8":"cs-video-wrap"},"_links":{"self":[{"href":"https:\/\/mediarun.com\/pl\/wp-json\/wp\/v2\/posts\/85351","targetHints":{"allow":["GET"]}}],"collection":[{"href":"https:\/\/mediarun.com\/pl\/wp-json\/wp\/v2\/posts"}],"about":[{"href":"https:\/\/mediarun.com\/pl\/wp-json\/wp\/v2\/types\/post"}],"author":[{"embeddable":true,"href":"https:\/\/mediarun.com\/pl\/wp-json\/wp\/v2\/users\/1"}],"replies":[{"embeddable":true,"href":"https:\/\/mediarun.com\/pl\/wp-json\/wp\/v2\/comments?post=85351"}],"version-history":[{"count":0,"href":"https:\/\/mediarun.com\/pl\/wp-json\/wp\/v2\/posts\/85351\/revisions"}],"wp:attachment":[{"href":"https:\/\/mediarun.com\/pl\/wp-json\/wp\/v2\/media?parent=85351"}],"wp:term":[{"taxonomy":"category","embeddable":true,"href":"https:\/\/mediarun.com\/pl\/wp-json\/wp\/v2\/categories?post=85351"},{"taxonomy":"post_tag","embeddable":true,"href":"https:\/\/mediarun.com\/pl\/wp-json\/wp\/v2\/tags?post=85351"}],"curies":[{"name":"wp","href":"https:\/\/api.w.org\/{rel}","templated":true}]}}