{"id":85349,"date":"2005-11-15T09:56:55","date_gmt":"2005-11-15T08:56:55","guid":{"rendered":"https:\/\/mediarun.com\/index.php\/news-posts\/rekordowa-kara-dla-tp-sa-2\/"},"modified":"2005-11-15T09:56:55","modified_gmt":"2005-11-15T08:56:55","slug":"rekordowa-kara-dla-tp-sa-2","status":"publish","type":"post","link":"https:\/\/mediarun.com\/pl\/media\/tv\/rekordowa-kara-dla-tp-sa-2.html","title":{"rendered":"Rekordowa kara dla TP SA"},"content":{"rendered":"<p>&#8211; Sprawa ci\u0105gnie si\u0119 od czerwca 2003 r. w\u00f3wczas URTiP, na wniosek sp\u00f3\u0142ki TeleNet Mielec (obecnie Multimedia Polska-Mielec), ustali\u0142, na jakich warunkach sie\u0107 mieleckiego operatora ma by\u0107 po\u0142\u0105czona z sieci\u0105 TP. Od tamtego czasu Urz\u0105d dwukrotnie sprawdza\u0142, czy operatorzy si\u0119 dogadali. Ostatnia kontrola z kwietnia 2005 r. wykaza\u0142a, \u017ce TP SA nie stosuje si\u0119 do zalece\u0144 Urz\u0119du, nie wsp\u00f3\u0142pracuje z mieleck\u0105 sp\u00f3\u0142k\u0105 i &#8211; jak stwierdzi\u0142 prezes URTiP Witold Grabo\u015b &#8211; hamuje rozw\u00f3j alternatywnego operatora. URTiP da\u0142 jeszcze czas TP SA do ko\u0144ca lipca, ale Telekomunikacja ponownie nie zastosowa\u0142a si\u0119 do zalece\u0144 regulatora. Dlatego na pocz\u0105tku listopada urz\u0105d na\u0142o\u017cy\u0142 na TP SA kar\u0119 pieni\u0119\u017cn\u0105 w wysoko\u015bci 10 mln z\u0142. &#8211; czytamy w &#8222;Gazecie Wyborczej&#8221;<\/p>\n<p>Sp\u00f3\u0142ka ju\u017c zapowiedzia\u0142a odwo\u0142anie od decyzji. &#8211; Zapisy w decyzji z 2003 r. s\u0105 tak sformu\u0142owane, \u017ce nie spos\u00f3b ich wykona\u0107 &#8211; ripostuje TP SA w komunikacie. Sp\u00f3\u0142ka twierdzi, \u017ce zapisy te s\u0105 niezgodne z przepisami rozporz\u0105dzenia resortu infrastruktury.<\/p>\n<p>&#8211; W 2002 r. URTiP uzna\u0142, \u017ce TP SA powinna zap\u0142aci\u0107 1 mln z\u0142 kary za blokowanie abonentom mo\u017cliwo\u015bci korzystania z po\u0142\u0105cze\u0144 internetowych poprzez sie\u0107 Netii Telekom Lublin. Decyzj\u0119 jednak zaskar\u017cono, ale s\u0105d nie wyda\u0142 jeszcze wyroku. &#8211; donosi &#8222;Gazeta Wyborcza&#8221;<\/p>\n","protected":false},"excerpt":{"rendered":"Urz\u0105d Regulacji Telekomunikacji i Poczty ukara\u0142 Telekomunikacj\u0119 Polsk\u0105 10 mln z\u0142. Za co? Za to, \u017ce nie wykona\u0142a decyzji prezesa urz\u0119du i hamuje rozw\u00f3j konkurencyjnego operatora &#8211; informuje &#8222;Gazeta Wyborcza&#8221;","protected":false},"author":1,"featured_media":85350,"comment_status":"open","ping_status":"closed","sticky":false,"template":"","format":"standard","meta":{"csco_display_header_overlay":false,"csco_singular_sidebar":"","csco_page_header_type":"","csco_page_load_nextpost":"","csco_post_video_location":[],"csco_post_video_location_hash":"","csco_post_video_url":"","csco_post_video_bg_start_time":0,"csco_post_video_bg_end_time":0,"footnotes":""},"categories":[9670],"tags":[],"class_list":{"0":"post-85349","1":"post","2":"type-post","3":"status-publish","4":"format-standard","5":"has-post-thumbnail","7":"category-tv","8":"cs-entry","9":"cs-video-wrap"},"_links":{"self":[{"href":"https:\/\/mediarun.com\/pl\/wp-json\/wp\/v2\/posts\/85349","targetHints":{"allow":["GET"]}}],"collection":[{"href":"https:\/\/mediarun.com\/pl\/wp-json\/wp\/v2\/posts"}],"about":[{"href":"https:\/\/mediarun.com\/pl\/wp-json\/wp\/v2\/types\/post"}],"author":[{"embeddable":true,"href":"https:\/\/mediarun.com\/pl\/wp-json\/wp\/v2\/users\/1"}],"replies":[{"embeddable":true,"href":"https:\/\/mediarun.com\/pl\/wp-json\/wp\/v2\/comments?post=85349"}],"version-history":[{"count":0,"href":"https:\/\/mediarun.com\/pl\/wp-json\/wp\/v2\/posts\/85349\/revisions"}],"wp:featuredmedia":[{"embeddable":true,"href":"https:\/\/mediarun.com\/pl\/wp-json\/wp\/v2\/media\/85350"}],"wp:attachment":[{"href":"https:\/\/mediarun.com\/pl\/wp-json\/wp\/v2\/media?parent=85349"}],"wp:term":[{"taxonomy":"category","embeddable":true,"href":"https:\/\/mediarun.com\/pl\/wp-json\/wp\/v2\/categories?post=85349"},{"taxonomy":"post_tag","embeddable":true,"href":"https:\/\/mediarun.com\/pl\/wp-json\/wp\/v2\/tags?post=85349"}],"curies":[{"name":"wp","href":"https:\/\/api.w.org\/{rel}","templated":true}]}}