{"id":85336,"date":"2005-11-15T19:28:26","date_gmt":"2005-11-15T18:28:26","guid":{"rendered":"https:\/\/mediarun.com\/index.php\/news-posts\/projektowanie-dla-wszystkich\/"},"modified":"2005-11-15T19:28:26","modified_gmt":"2005-11-15T18:28:26","slug":"projektowanie-dla-wszystkich","status":"publish","type":"post","link":"https:\/\/mediarun.com\/pl\/trendy\/branding\/projektowanie-dla-wszystkich.html","title":{"rendered":"&#8222;Projektowanie dla wszystkich&#8221;"},"content":{"rendered":"<p>Celem konferencji jest upowszechnienie sposobu my\u015blenia w projektowaniu budynk\u00f3w i przestrzeni polegaj\u0105cego na uwzgl\u0119dnianiu potrzeb wszystkich u\u017cytkownik\u00f3w, niezale\u017cnie od stopnia ich sprawno\u015bci. <\/p>\n<p>Dotychczasowa praktyka projektowania budynk\u00f3w i przestrzeni by\u0142a oparta w g\u0142\u00f3wnej mierze na wymogach technicznych i estetycznych. Przez to obiekty te nie s\u0105 w wi\u0119kszo\u015bci dostosowane do potrzeb u\u017cytkownik\u00f3w niepe\u0142nosprawnych i wymagaj\u0105 kosztownej przebudowy i modernizacji. Prezentowane w ramach programu &#8222;Projektowanie dla wszystkich&#8221; podej\u015bcie zak\u0142ada uwzgl\u0119dnianie w planowaniu architektonicznym zasad dost\u0119pno\u015bci dla ka\u017cdego u\u017cytkownika.<\/p>\n<p>Za\u0142o\u017ceniem dzia\u0142a\u0144 edukacyjnych, prowadzonych w ca\u0142ej Europie, jest przekazywanie wiedzy, dotycz\u0105cej &#8222;Projektowania dla wszystkich&#8221; osobom maj\u0105cym wp\u0142yw na decyzje zwi\u0105zane z architektur\u0105: zar\u00f3wno urz\u0119dnikom, architektom, managerom jak i studentom. Dzi\u0119ki kompleksowej edukacji istnieje realna szansa na zapewnienie powszechnej dost\u0119pno\u015bci budynk\u00f3w. <\/p>\n<p>&#8211; Budynki dostosowywane po oddaniu ich do u\u017cytku nigdy nie b\u0119d\u0105 w pe\u0142ni dost\u0119pne, niezale\u017cnie od poniesionych koszt\u00f3w adaptacji. Budynki w pe\u0142ni dost\u0119pne to takie, kt\u00f3re od pocz\u0105tku by\u0142y projektowane z uwzgl\u0119dnieniem zasad dost\u0119pno\u015bci. W procesie edukacji architektonicznej zasada &#8222;Projektowania dla wszystkich&#8221; musi by\u0107 czym\u015b wi\u0119cej ni\u017c tylko rozwi\u0105zywaniem problem\u00f3w os\u00f3b starszych lub niepe\u0142nosprawnych. Zasada ta powinna by\u0107 jednym z kluczowych kryteri\u00f3w projektowania &#8211; komentuje Piotr Paw\u0142owski, Prezes Stowarzyszenia Przyjaci\u00f3\u0142 Integracji.<\/p>\n<p>W czasie konferencji prezentowane s\u0105 narz\u0119dzia pedagogiczne wykorzystywane w edukacji r\u00f3\u017cnych grup zwi\u0105zanych z procesem projektowania. Aktualne metody kszta\u0142cenia student\u00f3w architektury i projektowania na \u015bwiecie oraz w Polsce s\u0105 oparte na po\u0142\u0105czeniu wyk\u0142ad\u00f3w i praktycznych \u0107wicze\u0144. Na przyk\u0142ad studenci z Warszawy i Gda\u0144ska wcielaj\u0105 si\u0119 w role os\u00f3b niepe\u0142nosprawnych: poruszaj\u0105c si\u0119 na w\u00f3zkach b\u0105d\u017a te\u017c o kulach, w praktyce poznaj\u0105 zasadno\u015b\u0107 projektowania bez barier. Ponadto s\u0105 tworzone nowatorskie metody aktywnego uczenia, wykorzystuj\u0105ce nowoczesne technologie, np. kursy internetowe.<\/p>\n<p>W konferencji &#8222;Projektowanie dla Wszystkich&#8221; bior\u0105 udzia\u0142 m.in.:Sotiris N. Papadopoulos &#8211; grecki architekt bior\u0105cy udzia\u0142 w dostosowaniu Aten do potrzeb niepe\u0142nosprawnych sportowc\u00f3w, Krzysztof Chwalib\u00f3g &#8211; Cz\u0142onek Rady Architektoniczno-Urbanistycznej Miasta<br \/>\nSto\u0142ecznego Warszawy, odpowiedzialny m.in. za opiniowanie przebudowy Traktu Kr\u00f3lewskiego, Maria Samonowa &#8211; z Politechniki w Bratys\u0142awie &#8211; prekursorka edukacji architektonicznej uwzgl\u0119dniaj\u0105cej potrzeby wszystkich u\u017cytkownik\u00f3w na S\u0142owacji i Guy Perry &#8211; francuski architekt odpowiedzialny za projekt jednej z najwi\u0119kszych inwestycji w Warszawie, Miasteczka Wilan\u00f3w.<\/p>\n","protected":false},"excerpt":{"rendered":"Po raz pierwszy w Polsce odbywa si\u0119 mi\u0119dzynarodowa konferencja &#8222;Projektowanie dla wszystkich&#8221;, b\u0119d\u0105ca cz\u0119\u015bci\u0105 europejskiego programu edukacyjnego dla architekt\u00f3w, urz\u0119dnik\u00f3w oraz student\u00f3w architektury. Spotkanie odbywa si\u0119 w ramach kampanii &#8222;Warszawa bez barier&#8221; a jej organizatorami s\u0105 Stowarzyszenie Przyjaci\u00f3\u0142 Integracji oraz Urz\u0105d Miasta Sto\u0142ecznego Warszawy.","protected":false},"author":1,"featured_media":0,"comment_status":"open","ping_status":"closed","sticky":false,"template":"","format":"standard","meta":{"csco_display_header_overlay":false,"csco_singular_sidebar":"","csco_page_header_type":"","csco_page_load_nextpost":"","csco_post_video_location":[],"csco_post_video_location_hash":"","csco_post_video_url":"","csco_post_video_bg_start_time":0,"csco_post_video_bg_end_time":0,"footnotes":""},"categories":[9658],"tags":[],"class_list":{"0":"post-85336","1":"post","2":"type-post","3":"status-publish","4":"format-standard","6":"category-branding","7":"cs-entry","8":"cs-video-wrap"},"_links":{"self":[{"href":"https:\/\/mediarun.com\/pl\/wp-json\/wp\/v2\/posts\/85336","targetHints":{"allow":["GET"]}}],"collection":[{"href":"https:\/\/mediarun.com\/pl\/wp-json\/wp\/v2\/posts"}],"about":[{"href":"https:\/\/mediarun.com\/pl\/wp-json\/wp\/v2\/types\/post"}],"author":[{"embeddable":true,"href":"https:\/\/mediarun.com\/pl\/wp-json\/wp\/v2\/users\/1"}],"replies":[{"embeddable":true,"href":"https:\/\/mediarun.com\/pl\/wp-json\/wp\/v2\/comments?post=85336"}],"version-history":[{"count":0,"href":"https:\/\/mediarun.com\/pl\/wp-json\/wp\/v2\/posts\/85336\/revisions"}],"wp:attachment":[{"href":"https:\/\/mediarun.com\/pl\/wp-json\/wp\/v2\/media?parent=85336"}],"wp:term":[{"taxonomy":"category","embeddable":true,"href":"https:\/\/mediarun.com\/pl\/wp-json\/wp\/v2\/categories?post=85336"},{"taxonomy":"post_tag","embeddable":true,"href":"https:\/\/mediarun.com\/pl\/wp-json\/wp\/v2\/tags?post=85336"}],"curies":[{"name":"wp","href":"https:\/\/api.w.org\/{rel}","templated":true}]}}