{"id":85332,"date":"2005-11-15T20:36:20","date_gmt":"2005-11-15T19:36:20","guid":{"rendered":"https:\/\/mediarun.com\/index.php\/news-posts\/nie-odwolano-waniek-2\/"},"modified":"2005-11-15T20:36:20","modified_gmt":"2005-11-15T19:36:20","slug":"nie-odwolano-waniek-2","status":"publish","type":"post","link":"https:\/\/mediarun.com\/pl\/media\/radio\/nie-odwolano-waniek-2.html","title":{"rendered":"Nie odwo\u0142ano Waniek"},"content":{"rendered":"<p>Zieli\u0144ski swoj\u0105 decyzj\u0119 t\u0142umaczy\u0142 tym, \u017ce chcia\u0142 da\u0107 przewodnicz\u0105cej KRRiT czas na rozwa\u017cenie przez ni\u0105 z\u0142o\u017cenia rezygnacji ze stanowiska.<\/p>\n<p>Szanse na odwo\u0142anie Danuty Waniek z funkcji przewodnicz\u0105cej s\u0105 ma\u0142e. Wynika to z przewagi cz\u0142onk\u00f3w rekomendowanych przez lewicowy Sejm, Senat i prezydenta. <\/p>\n<p>Warszawski S\u0105d Okr\u0119gowy oddali\u0142 tydzie\u0144 temu pow\u00f3dztwo Krajowej Rady Radiofonii i Telewizji w sprawie mandatu Marka Ostrowskiego, cz\u0142onka Rady Nadzorczej TVP. &#8211; Oznacza to, \u017ce decyzje i uchwa\u0142y podj\u0119te przez Rad\u0119 Nadzorcz\u0105 Sp\u00f3\u0142ki po 15 wrze\u015bnia 2004 r. s\u0105 prawnie skuteczne<\/p>\n","protected":false},"excerpt":{"rendered":"Na wniosek cz\u0142onka Krajowej Rady Radiofonii i Telewizji prof. Andrzeja Zieli\u0144skiego Rada zdecydowa\u0142a o prze\u0142o\u017ceniu g\u0142osowania wniosku o odwo\u0142anie Przewodnicz\u0105cej KRRiT Danuty Waniek na przysz\u0142y tydzie\u0144 &#8211; poinformowa\u0142 Rafa\u0142 Rastawicki, rzecznik Waniek.","protected":false},"author":1,"featured_media":85333,"comment_status":"open","ping_status":"closed","sticky":false,"template":"","format":"standard","meta":{"csco_display_header_overlay":false,"csco_singular_sidebar":"","csco_page_header_type":"","csco_page_load_nextpost":"","csco_post_video_location":[],"csco_post_video_location_hash":"","csco_post_video_url":"","csco_post_video_bg_start_time":0,"csco_post_video_bg_end_time":0,"footnotes":""},"categories":[9672],"tags":[],"class_list":{"0":"post-85332","1":"post","2":"type-post","3":"status-publish","4":"format-standard","5":"has-post-thumbnail","7":"category-radio","8":"cs-entry","9":"cs-video-wrap"},"_links":{"self":[{"href":"https:\/\/mediarun.com\/pl\/wp-json\/wp\/v2\/posts\/85332","targetHints":{"allow":["GET"]}}],"collection":[{"href":"https:\/\/mediarun.com\/pl\/wp-json\/wp\/v2\/posts"}],"about":[{"href":"https:\/\/mediarun.com\/pl\/wp-json\/wp\/v2\/types\/post"}],"author":[{"embeddable":true,"href":"https:\/\/mediarun.com\/pl\/wp-json\/wp\/v2\/users\/1"}],"replies":[{"embeddable":true,"href":"https:\/\/mediarun.com\/pl\/wp-json\/wp\/v2\/comments?post=85332"}],"version-history":[{"count":0,"href":"https:\/\/mediarun.com\/pl\/wp-json\/wp\/v2\/posts\/85332\/revisions"}],"wp:featuredmedia":[{"embeddable":true,"href":"https:\/\/mediarun.com\/pl\/wp-json\/wp\/v2\/media\/85333"}],"wp:attachment":[{"href":"https:\/\/mediarun.com\/pl\/wp-json\/wp\/v2\/media?parent=85332"}],"wp:term":[{"taxonomy":"category","embeddable":true,"href":"https:\/\/mediarun.com\/pl\/wp-json\/wp\/v2\/categories?post=85332"},{"taxonomy":"post_tag","embeddable":true,"href":"https:\/\/mediarun.com\/pl\/wp-json\/wp\/v2\/tags?post=85332"}],"curies":[{"name":"wp","href":"https:\/\/api.w.org\/{rel}","templated":true}]}}