{"id":85325,"date":"2005-11-16T01:07:39","date_gmt":"2005-11-16T00:07:39","guid":{"rendered":"https:\/\/mediarun.com\/index.php\/news-posts\/watykanska-premiera-filmu-o-janie-pawle-ii\/"},"modified":"2005-11-16T01:07:39","modified_gmt":"2005-11-16T00:07:39","slug":"watykanska-premiera-filmu-o-janie-pawle-ii","status":"publish","type":"post","link":"https:\/\/mediarun.com\/pl\/media\/tv\/watykanska-premiera-filmu-o-janie-pawle-ii.html","title":{"rendered":"Watyka\u0144ska premiera filmu o Janie Pawle II"},"content":{"rendered":"<p>W\u0142osko-ameryka\u0144sko-polski film opowiadaj\u0105cy o \u017cyciu Karola Wojty\u0142y wsp\u00f3\u0142finansowa\u0142a Telewizja Polska, kt\u00f3rej udzia\u0142 w bud\u017cecie filmu wyni\u00f3s\u0142 9,69 procent. TVP mia\u0142a tak\u017ce ogromny wp\u0142yw na scenariusz filmu, kt\u00f3rego konsultantem by\u0142 Maciej Karpi\u0144ski z Agencji Filmowej. G\u0142\u00f3wnym producentem filmu jest w\u0142oska firma Luxvide, a koproducentem i producentem wykonawczym zdj\u0119\u0107 w Polsce jest firma Studio Projektor. W produkcji ze strony polskiej wzi\u0119\u0142a udzia\u0142 tak\u017ce firma Baltmedia. <\/p>\n<p>Jest to pierwsza wsp\u00f3lna produkcja Telewizji Polskiej z ameryka\u0144sk\u0105 telewizj\u0105 CBS otwieraj\u0105ca mo\u017cliwo\u015bci dalszej wsp\u00f3\u0142pracy. Film ten jest bowiem nie tylko opowie\u015bci\u0105 o polskim Papie\u017cu, jest tak\u017ce promocj\u0105 Polski na \u015bwiecie, szczeg\u00f3lnie na rynku ameryka\u0144skim. Premiera filmu b\u0119dzie okazj\u0105 do rozm\u00f3w o kolejnych wsp\u00f3lnych mi\u0119dzynarodowych przedsi\u0119wzi\u0119ciach, kt\u00f3re w Rzymie Zarz\u0105d TVP i kierownictwo Agencji Filmowej b\u0119d\u0105 prowadzili z przedstawicielami zar\u00f3wno CBS, jak i w\u0142oskiej telewizji RAI. <\/p>\n<p>Obsad\u0119 filmu stanowi\u0105 g\u0142\u00f3wnie w\u0142oscy i ameryka\u0144scy aktorzy, ale w filmie zagra\u0142o tak\u017ce 40 polskich aktor\u00f3w, m.in. Wenanty Nosul (odtw\u00f3rca roli arcybiskupa Stanis\u0142awa Dziwisza), Krzysztof Pieczy\u0144ski, Miko\u0142aj Grabowski i Robert Gonera. W posta\u0107 Ojca \u015awi\u0119tego wcielili si\u0119 w r\u00f3\u017cnych etapach \u017cycia znani aktorzy: Cary Elwes i Jon Voight. Zdj\u0119cia do filmu nagrywano w Krakowie i jego okolicach oraz we W\u0142oszech. <\/p>\n<p>Akcja filmu rozpoczyna si\u0119 od momentu zamachu na \u017cycie Ojca \u015awi\u0119tego w 1981 roku, ale film opowiada histori\u0119 \u017cycia Karola Wojty\u0142y od 1939 roku do \u015bmierci w kwietniu 2005 roku. Znalaz\u0142y si\u0119 w nim tak\u017ce retrospekcje z jego dzieci\u0144stwa, kiedy jeszcze \u017cy\u0142a matka Karola Wojty\u0142y. W filmie przedstawiono wojenne losy Karola Wojty\u0142y i powojenn\u0105 Polsk\u0119, pozostaj\u0105c\u0105 pod wp\u0142ywem sowieckiego totalitaryzmu. Nast\u0119pnie pokazano upadek komunizmu i g\u0142\u0119bokie zmiany, kt\u00f3re wp\u0142yn\u0119\u0142y na bieg historii ca\u0142ego \u015bwiata i rol\u0119 Jana Paw\u0142a II w tych historycznych przemianach. <\/p>\n<p>Tylko w Polsce uka\u017ce si\u0119 130-minutowa wersja kinowa filmu, a nast\u0119pnie zostanie on zaprezentowany w TVP w pi\u0119ciu 42-minutowych odcinkach. Ameryka\u0144ski koproducent filmu telewizja CBS poka\u017ce film na swojej antenie w dw\u00f3ch 86-minutowych cz\u0119\u015bciach, natomiast w\u0142oska telewizja RAI UNO &#8211; w dw\u00f3ch 98-minutowych odcinkach. Telewizja CBS zapowiedzia\u0142a premier\u0119 telewizyjn\u0105 filmu na 4 i 7 grudnia 2005 r. <\/p>\n<p>Na premier\u0119 filmu w Watykanie Telewizja Polska zaprosi\u0142a tak\u017ce dziennikarzy, aby mieli mo\u017cliwo\u015b\u0107 zrecenzowania filmu jeszcze przed jego premier\u0105 w Polsce.<\/p>\n","protected":false},"excerpt":{"rendered":"W czwartek, 17 listopada w Watykanie odb\u0119dzie si\u0119 premiera filmu &#8222;Papie\u017c Jan Pawe\u0142 II&#8221; w re\u017cyserii Johna Kenta Harrisona, kt\u00f3rego wsp\u00f3\u0142producentem jest Telewizja Polska. W uroczystym pokazie filmu we\u017amie udzia\u0142 Papie\u017c Benedykt XVI. Obecni b\u0119d\u0105 tw\u00f3rcy filmu i aktorzy.","protected":false},"author":1,"featured_media":0,"comment_status":"open","ping_status":"closed","sticky":false,"template":"","format":"standard","meta":{"csco_display_header_overlay":false,"csco_singular_sidebar":"","csco_page_header_type":"","csco_page_load_nextpost":"","csco_post_video_location":[],"csco_post_video_location_hash":"","csco_post_video_url":"","csco_post_video_bg_start_time":0,"csco_post_video_bg_end_time":0,"footnotes":""},"categories":[9670],"tags":[],"class_list":{"0":"post-85325","1":"post","2":"type-post","3":"status-publish","4":"format-standard","6":"category-tv","7":"cs-entry","8":"cs-video-wrap"},"_links":{"self":[{"href":"https:\/\/mediarun.com\/pl\/wp-json\/wp\/v2\/posts\/85325","targetHints":{"allow":["GET"]}}],"collection":[{"href":"https:\/\/mediarun.com\/pl\/wp-json\/wp\/v2\/posts"}],"about":[{"href":"https:\/\/mediarun.com\/pl\/wp-json\/wp\/v2\/types\/post"}],"author":[{"embeddable":true,"href":"https:\/\/mediarun.com\/pl\/wp-json\/wp\/v2\/users\/1"}],"replies":[{"embeddable":true,"href":"https:\/\/mediarun.com\/pl\/wp-json\/wp\/v2\/comments?post=85325"}],"version-history":[{"count":0,"href":"https:\/\/mediarun.com\/pl\/wp-json\/wp\/v2\/posts\/85325\/revisions"}],"wp:attachment":[{"href":"https:\/\/mediarun.com\/pl\/wp-json\/wp\/v2\/media?parent=85325"}],"wp:term":[{"taxonomy":"category","embeddable":true,"href":"https:\/\/mediarun.com\/pl\/wp-json\/wp\/v2\/categories?post=85325"},{"taxonomy":"post_tag","embeddable":true,"href":"https:\/\/mediarun.com\/pl\/wp-json\/wp\/v2\/tags?post=85325"}],"curies":[{"name":"wp","href":"https:\/\/api.w.org\/{rel}","templated":true}]}}