{"id":85307,"date":"2005-11-16T01:47:40","date_gmt":"2005-11-16T00:47:40","guid":{"rendered":"https:\/\/mediarun.com\/index.php\/news-posts\/aster-city-cable-za-1-mld-zl\/"},"modified":"2005-11-16T01:47:40","modified_gmt":"2005-11-16T00:47:40","slug":"aster-city-cable-za-1-mld-zl","status":"publish","type":"post","link":"https:\/\/mediarun.com\/pl\/media\/tv\/aster-city-cable-za-1-mld-zl.html","title":{"rendered":"Aster City Cable za 1 mld zl?"},"content":{"rendered":"<p>&#8211; Termin nadsy\u0142ania ofert up\u0142yn\u0105\u0142 w poniedzia\u0142ek, ale niekt\u00f3rzy poprosili o wyd\u0142u\u017cenie go o jeden dzie\u0144 ze wzgl\u0119du na r\u00f3\u017cne formalno\u015bci. Na razie nie wiemy, kto z\u0142o\u017cy\u0142 oferty &#8211; powiedzia\u0142 &#8222;Gazecie Wyborczej&#8221; Janusz Arciszewski, prezes Aster City Cable, najwi\u0119kszego operatora telewizji kablowej w Warszawie. <\/p>\n<p>Dziennkowi nieoficjalnie uda\u0142o si\u0119 jednak dowiedzie\u0107, \u017ce interesuj\u0105 si\u0119 nim g\u0142\u00f3wnie fundusze inwestycyjne oraz europejski lider tej bran\u017cy &#8211; UPC. &#8211; Na tym etapie nie mog\u0119 m\u00f3wi\u0107 o szczeg\u00f3\u0142ach. Mog\u0119 jedynie potwierdzi\u0107, \u017ce jeste\u015bmy zainteresowani tymi aktywami. To naturalne dla d\u0142ugoterminowego inwestora bran\u017cowego, jakim jeste\u015bmy &#8211; powiedzia\u0142 &#8222;GW&#8221; Marek Sowa, wiceprezes UPC w Polsce.<\/p>\n<p>&#8211; Zakup Aster City Cable przez fundusz inwestycyjny nie by\u0142by dla sp\u00f3\u0142ki niczym nowym, gdy\u017c od trzech lat nale\u017cy ona do konsorcjum stworzonego przez fundusze Hicks Muse Tate &#038; Furst, Emerging Markets Partnership oraz Argus Capital Partners. &#8211; donosi &#8222;Gazeta Wyborcza&#8221;<\/p>\n","protected":false},"excerpt":{"rendered":"Aster City Cable mo\u017ce zmieni\u0107 w\u0142a\u015bciciela jeszcze do ko\u0144ca tego roku. Sprzeda\u017c tego operatora sieci kablowych w Warszawie, Krakowie oraz Zielonej G\u00f3rze b\u0119dzie jedn\u0105 z najwi\u0119kszych transakcji w historii polskiego rynku medi\u00f3w &#8211; donosi &#8222;Gazeta Wyborcza&#8221;","protected":false},"author":1,"featured_media":85308,"comment_status":"open","ping_status":"closed","sticky":false,"template":"","format":"standard","meta":{"csco_display_header_overlay":false,"csco_singular_sidebar":"","csco_page_header_type":"","csco_page_load_nextpost":"","csco_post_video_location":[],"csco_post_video_location_hash":"","csco_post_video_url":"","csco_post_video_bg_start_time":0,"csco_post_video_bg_end_time":0,"footnotes":""},"categories":[9670],"tags":[],"class_list":{"0":"post-85307","1":"post","2":"type-post","3":"status-publish","4":"format-standard","5":"has-post-thumbnail","7":"category-tv","8":"cs-entry","9":"cs-video-wrap"},"_links":{"self":[{"href":"https:\/\/mediarun.com\/pl\/wp-json\/wp\/v2\/posts\/85307","targetHints":{"allow":["GET"]}}],"collection":[{"href":"https:\/\/mediarun.com\/pl\/wp-json\/wp\/v2\/posts"}],"about":[{"href":"https:\/\/mediarun.com\/pl\/wp-json\/wp\/v2\/types\/post"}],"author":[{"embeddable":true,"href":"https:\/\/mediarun.com\/pl\/wp-json\/wp\/v2\/users\/1"}],"replies":[{"embeddable":true,"href":"https:\/\/mediarun.com\/pl\/wp-json\/wp\/v2\/comments?post=85307"}],"version-history":[{"count":0,"href":"https:\/\/mediarun.com\/pl\/wp-json\/wp\/v2\/posts\/85307\/revisions"}],"wp:featuredmedia":[{"embeddable":true,"href":"https:\/\/mediarun.com\/pl\/wp-json\/wp\/v2\/media\/85308"}],"wp:attachment":[{"href":"https:\/\/mediarun.com\/pl\/wp-json\/wp\/v2\/media?parent=85307"}],"wp:term":[{"taxonomy":"category","embeddable":true,"href":"https:\/\/mediarun.com\/pl\/wp-json\/wp\/v2\/categories?post=85307"},{"taxonomy":"post_tag","embeddable":true,"href":"https:\/\/mediarun.com\/pl\/wp-json\/wp\/v2\/tags?post=85307"}],"curies":[{"name":"wp","href":"https:\/\/api.w.org\/{rel}","templated":true}]}}