{"id":85303,"date":"2005-11-16T02:48:21","date_gmt":"2005-11-16T01:48:21","guid":{"rendered":"https:\/\/mediarun.com\/index.php\/news-posts\/cyfrowy-proces-koncesyjny\/"},"modified":"2005-11-16T02:48:21","modified_gmt":"2005-11-16T01:48:21","slug":"cyfrowy-proces-koncesyjny","status":"publish","type":"post","link":"https:\/\/mediarun.com\/pl\/media\/tv\/cyfrowy-proces-koncesyjny.html","title":{"rendered":"Cyfrowy proces koncesyjny"},"content":{"rendered":"<p>Przez najbli\u017csze p\u00f3\u0142torej miesi\u0105ca trwa\u0107 b\u0119d\u0105 konsultacje z nadawcami telewizyjnymi i radiowymi. B\u0119d\u0105 oni mieli czas do ko\u0144ca lutego na sk\u0142adanie wniosku o udzielenie &#8222;cyfrowych koncesji&#8221;. Uchwa\u0142y koncesyjne zapadn\u0105 jeszcze przed wakacjami 2006 r. Wtedy te\u017c poznamy list\u0119 program\u00f3w, kt\u00f3re pojawi\u0105 si\u0119 w DVB-T. <\/p>\n<p>Polski regulator przewidzia\u0142 tak\u017ce mo\u017cliwo\u015b\u0107 wzi\u0119cia udzia\u0142u w konkursie na rezerwacj\u0119 cz\u0119stotliwo\u015bci. W po\u0142owie stycznia 2006 r. powinny rozpocz\u0105\u0107 si\u0119 rozmowy z prezesem URTiP dotycz\u0105ce og\u0142osze\u0144 przetargowych na cz\u0119stotliwo\u015bci. Nied\u0142ugo potem KRRiT powo\u0142a Komisj\u0119 Konkursow\u0105. Zako\u0144czenie przyjmowania ofert od nadawc\u00f3w zako\u0144czy si\u0119 w marcu 2006 r. <\/p>\n<p>Z harmonogramu wynika, i\u017c wyniki konkursu w sprawie ewentualnej rezerwacji cz\u0119stotliwo\u015bci powinny zosta\u0107 og\u0142oszone w po\u0142owie przysz\u0142orocznych wakacji. We wrze\u015bniu 2006 r. przewodnicz\u0105cy KRRiT wyda decyzj\u0119 o przyznaniu poszczeg\u00f3lnych rezerwacji. Pierwszy multipleks powinien rozpocz\u0105\u0107 dzia\u0142alno\u015b\u0107 za 14 miesi\u0119cy. <\/p>\n<p>Proces cyfryzacji rozpocznie si\u0119 od wojew\u00f3dztwa wielkopolskiego. Do dyspozycji Poznanian b\u0119dzie nadajnik o mocy 50,0 KW. Mieszka\u0144cy Kalisza, Konina, Pi\u0142y i Gniezna b\u0119d\u0105 odbiera\u0107 programy dzi\u0119ki nadajnikom o mocy 10,0 KW. W Warszawie, gdzie multipleks zajmowa\u0107 b\u0119dzie 48 kana\u0142, przewidziano moc 5,0 KW. <\/p>\n","protected":false},"excerpt":{"rendered":"KRRiT kontynuuje prace przygotowawcze do wprowadzenia cyfrowej telewizji naziemnej. Podczas wtorkowego posiedzenia Rada przyj\u0119\u0142a projekt og\u0142oszenia o rezerwacji cz\u0119stotliwo\u015bci niezb\u0119dnych do emisji drog\u0105 DVB-T. Za p\u00f3\u0142 roku mo\u017cemy pozna\u0107 sk\u0142adniki multipleks\u00f3w.","protected":false},"author":1,"featured_media":85304,"comment_status":"open","ping_status":"closed","sticky":false,"template":"","format":"standard","meta":{"csco_display_header_overlay":false,"csco_singular_sidebar":"","csco_page_header_type":"","csco_page_load_nextpost":"","csco_post_video_location":[],"csco_post_video_location_hash":"","csco_post_video_url":"","csco_post_video_bg_start_time":0,"csco_post_video_bg_end_time":0,"footnotes":""},"categories":[9670],"tags":[],"class_list":{"0":"post-85303","1":"post","2":"type-post","3":"status-publish","4":"format-standard","5":"has-post-thumbnail","7":"category-tv","8":"cs-entry","9":"cs-video-wrap"},"_links":{"self":[{"href":"https:\/\/mediarun.com\/pl\/wp-json\/wp\/v2\/posts\/85303","targetHints":{"allow":["GET"]}}],"collection":[{"href":"https:\/\/mediarun.com\/pl\/wp-json\/wp\/v2\/posts"}],"about":[{"href":"https:\/\/mediarun.com\/pl\/wp-json\/wp\/v2\/types\/post"}],"author":[{"embeddable":true,"href":"https:\/\/mediarun.com\/pl\/wp-json\/wp\/v2\/users\/1"}],"replies":[{"embeddable":true,"href":"https:\/\/mediarun.com\/pl\/wp-json\/wp\/v2\/comments?post=85303"}],"version-history":[{"count":0,"href":"https:\/\/mediarun.com\/pl\/wp-json\/wp\/v2\/posts\/85303\/revisions"}],"wp:featuredmedia":[{"embeddable":true,"href":"https:\/\/mediarun.com\/pl\/wp-json\/wp\/v2\/media\/85304"}],"wp:attachment":[{"href":"https:\/\/mediarun.com\/pl\/wp-json\/wp\/v2\/media?parent=85303"}],"wp:term":[{"taxonomy":"category","embeddable":true,"href":"https:\/\/mediarun.com\/pl\/wp-json\/wp\/v2\/categories?post=85303"},{"taxonomy":"post_tag","embeddable":true,"href":"https:\/\/mediarun.com\/pl\/wp-json\/wp\/v2\/tags?post=85303"}],"curies":[{"name":"wp","href":"https:\/\/api.w.org\/{rel}","templated":true}]}}