{"id":85274,"date":"2005-11-16T19:43:27","date_gmt":"2005-11-16T18:43:27","guid":{"rendered":"https:\/\/mediarun.com\/index.php\/news-posts\/nowe-osoby-w-vox-fm\/"},"modified":"2005-11-16T19:43:27","modified_gmt":"2005-11-16T18:43:27","slug":"nowe-osoby-w-vox-fm","status":"publish","type":"post","link":"https:\/\/mediarun.com\/pl\/media\/radio\/nowe-osoby-w-vox-fm.html","title":{"rendered":"Nowe osoby w Vox FM"},"content":{"rendered":"<p>Mariusz Na\u0142\u0119cz &#8211; Nieniewski dotychczas pracowa\u0142 w Radiu Eska Warszawa. Wcze\u015bniej prowadzi\u0142 w Radiu Zet m.in. &#8222;Interlist\u0119&#8221; i &#8222;Komputerow\u0105 List\u0119 Przeboj\u00f3w&#8221;.<\/p>\n<p>Marian Kr\u00f3l w sieci Vox FM, podobnie jak w Plusie, zajmie si\u0119 produkcj\u0105. &#8211; Doskonale zna specyfik\u0119 pracy dla sieci stacji katolickich, od wielu lat czuwa\u0142 nad produkcjami sieci Radia Plus &#8211; t\u0142umaczy t\u0105 decyzj\u0119 Vox FM w komunikacie prasowym.<\/p>\n","protected":false},"excerpt":{"rendered":"Mariusz Na\u0142\u0119cz &#8211; Nieniewski zosta\u0142 szefem muzycznym sieci Vox FM. Dziennikarz b\u0119dzie r\u00f3wnocze\u015bnie prowadzi\u0142 program w pa\u015bmie przedpo\u0142udniowym. Do nowej sieci radiowej od 28 listopada przejdzie r\u00f3wnie\u017c kolejna osoba z Radia Plus &#8211; Marian Kr\u00f3l, producent d\u017awi\u0119k\u00f3w.","protected":false},"author":1,"featured_media":85275,"comment_status":"open","ping_status":"closed","sticky":false,"template":"","format":"standard","meta":{"csco_display_header_overlay":false,"csco_singular_sidebar":"","csco_page_header_type":"","csco_page_load_nextpost":"","csco_post_video_location":[],"csco_post_video_location_hash":"","csco_post_video_url":"","csco_post_video_bg_start_time":0,"csco_post_video_bg_end_time":0,"footnotes":""},"categories":[9672],"tags":[],"class_list":{"0":"post-85274","1":"post","2":"type-post","3":"status-publish","4":"format-standard","5":"has-post-thumbnail","7":"category-radio","8":"cs-entry","9":"cs-video-wrap"},"_links":{"self":[{"href":"https:\/\/mediarun.com\/pl\/wp-json\/wp\/v2\/posts\/85274","targetHints":{"allow":["GET"]}}],"collection":[{"href":"https:\/\/mediarun.com\/pl\/wp-json\/wp\/v2\/posts"}],"about":[{"href":"https:\/\/mediarun.com\/pl\/wp-json\/wp\/v2\/types\/post"}],"author":[{"embeddable":true,"href":"https:\/\/mediarun.com\/pl\/wp-json\/wp\/v2\/users\/1"}],"replies":[{"embeddable":true,"href":"https:\/\/mediarun.com\/pl\/wp-json\/wp\/v2\/comments?post=85274"}],"version-history":[{"count":0,"href":"https:\/\/mediarun.com\/pl\/wp-json\/wp\/v2\/posts\/85274\/revisions"}],"wp:featuredmedia":[{"embeddable":true,"href":"https:\/\/mediarun.com\/pl\/wp-json\/wp\/v2\/media\/85275"}],"wp:attachment":[{"href":"https:\/\/mediarun.com\/pl\/wp-json\/wp\/v2\/media?parent=85274"}],"wp:term":[{"taxonomy":"category","embeddable":true,"href":"https:\/\/mediarun.com\/pl\/wp-json\/wp\/v2\/categories?post=85274"},{"taxonomy":"post_tag","embeddable":true,"href":"https:\/\/mediarun.com\/pl\/wp-json\/wp\/v2\/tags?post=85274"}],"curies":[{"name":"wp","href":"https:\/\/api.w.org\/{rel}","templated":true}]}}