{"id":85268,"date":"2005-11-16T22:38:34","date_gmt":"2005-11-16T21:38:34","guid":{"rendered":"https:\/\/mediarun.com\/index.php\/news-posts\/kampania-promujaca-walory-pomaranczy\/"},"modified":"2005-11-16T22:38:34","modified_gmt":"2005-11-16T21:38:34","slug":"kampania-promujaca-walory-pomaranczy","status":"publish","type":"post","link":"https:\/\/mediarun.com\/pl\/marketing\/atl\/kampania-promujaca-walory-pomaranczy.html","title":{"rendered":"Kampania promuj\u0105ca walory pomara\u0144czy"},"content":{"rendered":"<p>\u0141\u0105czny bud\u017cet trzyletniej kampanii, kt\u00f3ra b\u0119dzie wsp\u00f3\u0142finansowana przez Uni\u0119 Europejsk\u0105, hiszpa\u0144skie Ministerstwo Rolnictwa, Rybo\u0142\u00f3wstwa i Produkt\u00f3w \u017bywno\u015bciowych oraz Interdyscyplinarn\u0105 Organizacj\u0119 Rolnospo\u017cywcz\u0105 Sektora Pomara\u0144czy i Mandarynek z Hiszpanii, Intercitrus (patrz: za\u0142\u0105cznik 1), wynosi 9 milion\u00f3w Euro. <\/p>\n<p>Prowadzone w ramach kampanii dzia\u0142ania obejm\u0105 Austri\u0119, Belgi\u0119, Czechy, Dani\u0119, Finlandi\u0119, Holandi\u0119, W\u0119gry, Irlandi\u0119, Polsk\u0119 oraz Szwecj\u0119.<\/p>\n<p>Has\u0142o reklamowe kampanii brzmi Mi\u0142ego dnia!. Komunikatowi przy\u015bwieca jeden cel &#8211; ma on spozycjonowa\u0107 owoce jako zdrow\u0105 przek\u0105sk\u0119, po kt\u00f3r\u0105 mo\u017cna si\u0119gn\u0105\u0107 w dowolnej chwili i dowolnym miejscu. <\/p>\n<p>Prowadzona w mediach kampania promocyjna dotrze do 85% wszystkich docelowych odbiorc\u00f3w, kt\u00f3rych liczba jest szacowana na 17 milion\u00f3w os\u00f3b. S\u0105 to osoby podejmuj\u0105ce decyzje w gospodarstwach domowych w 10 krajach europejskich. Szacowana liczba kontakt\u00f3w z reklam\u0105 wynosi 170 milion\u00f3w.<\/p>\n<p>Nowym elementem kampanii b\u0119dzie emisja oko\u0142o 600 reklam telewizyjnych na antenie 8 g\u0142\u00f3wnych stacji w Polsce, Czechach i na W\u0119grzech. W samej Polsce zostanie wyemitowanych 300 spot\u00f3w. Pomara\u0144cze i klementynki b\u0119d\u0105 pokazane jako zdrowa przek\u0105ska. Zostan\u0105 tak\u017ce zasugerowane nowe sposoby spo\u017cycia tych owoc\u00f3w.<\/p>\n","protected":false},"excerpt":{"rendered":"W Qchni Artystycznej w Warszawie zosta\u0142y przedstawione za\u0142o\u017cenia kampanii promuj\u0105cej walory pomara\u0144czy i klementynek, kt\u00f3ra b\u0119dzie prowadzona w latach 2005-2008 w 10 krajach Unii Europejskiej. Wydarzenie u\u015bwietnili swoj\u0105 obecno\u015bci\u0105 Jego Ekscelencja pan Rafael Mendivil, Ambasador Hiszpanii w Polsce, pan Josep Botella, prezes organizacji Intercitrus oraz pani Hilkka Summa, szefowa departamentu ds. promocji Komisji Europejskiej.","protected":false},"author":1,"featured_media":0,"comment_status":"open","ping_status":"closed","sticky":false,"template":"","format":"standard","meta":{"csco_display_header_overlay":false,"csco_singular_sidebar":"","csco_page_header_type":"","csco_page_load_nextpost":"","csco_post_video_location":[],"csco_post_video_location_hash":"","csco_post_video_url":"","csco_post_video_bg_start_time":0,"csco_post_video_bg_end_time":0,"footnotes":""},"categories":[9642],"tags":[],"class_list":{"0":"post-85268","1":"post","2":"type-post","3":"status-publish","4":"format-standard","6":"category-atl","7":"cs-entry","8":"cs-video-wrap"},"_links":{"self":[{"href":"https:\/\/mediarun.com\/pl\/wp-json\/wp\/v2\/posts\/85268","targetHints":{"allow":["GET"]}}],"collection":[{"href":"https:\/\/mediarun.com\/pl\/wp-json\/wp\/v2\/posts"}],"about":[{"href":"https:\/\/mediarun.com\/pl\/wp-json\/wp\/v2\/types\/post"}],"author":[{"embeddable":true,"href":"https:\/\/mediarun.com\/pl\/wp-json\/wp\/v2\/users\/1"}],"replies":[{"embeddable":true,"href":"https:\/\/mediarun.com\/pl\/wp-json\/wp\/v2\/comments?post=85268"}],"version-history":[{"count":0,"href":"https:\/\/mediarun.com\/pl\/wp-json\/wp\/v2\/posts\/85268\/revisions"}],"wp:attachment":[{"href":"https:\/\/mediarun.com\/pl\/wp-json\/wp\/v2\/media?parent=85268"}],"wp:term":[{"taxonomy":"category","embeddable":true,"href":"https:\/\/mediarun.com\/pl\/wp-json\/wp\/v2\/categories?post=85268"},{"taxonomy":"post_tag","embeddable":true,"href":"https:\/\/mediarun.com\/pl\/wp-json\/wp\/v2\/tags?post=85268"}],"curies":[{"name":"wp","href":"https:\/\/api.w.org\/{rel}","templated":true}]}}