{"id":85267,"date":"2005-11-16T22:40:27","date_gmt":"2005-11-16T21:40:27","guid":{"rendered":"https:\/\/mediarun.com\/index.php\/news-posts\/comarch-technologiczna-firma-roku\/"},"modified":"2005-11-16T22:40:27","modified_gmt":"2005-11-16T21:40:27","slug":"comarch-technologiczna-firma-roku","status":"publish","type":"post","link":"https:\/\/mediarun.com\/pl\/trendy\/branding\/comarch-technologiczna-firma-roku.html","title":{"rendered":"Comarch Technologiczn\u0105 Firm\u0105 Roku"},"content":{"rendered":"<p>Wehiku\u0142 Czasu &#8211; nagroda gospodarcza Gazety Prawnej przyznawana jest firmom, kt\u00f3re w znacz\u0105cy spos\u00f3b kreuj\u0105 nowy charakter polskiej gospodarki. W tegorocznej edycji opr\u00f3cz kategorii &#8222;Firma Technologiczna Roku&#8221;, w kt\u00f3rej zwyci\u0119\u017cy\u0142 Comarch, wyr\u00f3\u017cnienia przyznano w 10 innych kategoriach. <\/p>\n<p>&#8211; Nagroda Gazety Prawnej ma dla nas du\u017ce znaczenie, poniewa\u017c potwierdza s\u0142uszno\u015b\u0107 wybranej przez Comarch drogi. Staramy si\u0119 kreowa\u0107 gospodarcz\u0105 przysz\u0142o\u015b\u0107 Polski inwestuj\u0105c w dzia\u0142alno\u015b\u0107 badawcz\u0105 i rozw\u00f3j, dzi\u0119ki kt\u00f3rym mo\u017cliwy jest wzrost konkurencyjno\u015bci polskich przedsi\u0119biorstw w Polsce i na rynkach \u015bwiatowych. &#8211; powiedzia\u0142 Profesor Janusz Filipiak, Prezes Comarch S.A.. <\/p>\n<p>&#8211;  W ubieg\u0142ym roku nagradzali\u015bmy tych, kt\u00f3rym zawdzi\u0119czamy transformacj\u0119 gospodarcz\u0105. Teraz wybiegamy w przysz\u0142o\u015b\u0107, promuj\u0105c firmy i osoby przenosz\u0105ce nas w nowy, europejski wymiar &#8211;  powiedzia\u0142 Jaros\u0142aw Sroka, redaktor naczelny &#8222;GP&#8221;, otwieraj\u0105c uroczysto\u015b\u0107.  <\/p>\n<p>Opr\u00f3cz Comarch w konkursie nagrodzone zosta\u0142y: BRE Leasing, PKO BP, mBank, MAN, Polska Agencja Rozwoju Przedsi\u0119biorczo\u015bci, Polski Koncern Mi\u0119sny Duda, Link4, Nowy Styl oraz Solaris.<\/p>\n","protected":false},"excerpt":{"rendered":"Comarch zosta\u0142 uznany przez &#8222;Gazet\u0119 Prawn\u0105&#8221; Technologiczn\u0105 Firm\u0105 Roku 2005 i nagrodzony Wehiku\u0142em Czasu &#8211; wyr\u00f3\u017cnieniem przyznawanym za kszta\u0142towanie gospodarczej przysz\u0142o\u015bci. Statuetk\u0119 z r\u0105k Bohdana Gawro\u0144skiego, dyrektora Wydawnictwa &#8222;Gazeta Prawna&#8221; odebra\u0142 w warszawskim hotelu Sheraton Pawe\u0142 Przewiezlikowski, wiceprezes Comarch.","protected":false},"author":1,"featured_media":0,"comment_status":"open","ping_status":"closed","sticky":false,"template":"","format":"standard","meta":{"csco_display_header_overlay":false,"csco_singular_sidebar":"","csco_page_header_type":"","csco_page_load_nextpost":"","csco_post_video_location":[],"csco_post_video_location_hash":"","csco_post_video_url":"","csco_post_video_bg_start_time":0,"csco_post_video_bg_end_time":0,"footnotes":""},"categories":[9658],"tags":[],"class_list":{"0":"post-85267","1":"post","2":"type-post","3":"status-publish","4":"format-standard","6":"category-branding","7":"cs-entry","8":"cs-video-wrap"},"_links":{"self":[{"href":"https:\/\/mediarun.com\/pl\/wp-json\/wp\/v2\/posts\/85267","targetHints":{"allow":["GET"]}}],"collection":[{"href":"https:\/\/mediarun.com\/pl\/wp-json\/wp\/v2\/posts"}],"about":[{"href":"https:\/\/mediarun.com\/pl\/wp-json\/wp\/v2\/types\/post"}],"author":[{"embeddable":true,"href":"https:\/\/mediarun.com\/pl\/wp-json\/wp\/v2\/users\/1"}],"replies":[{"embeddable":true,"href":"https:\/\/mediarun.com\/pl\/wp-json\/wp\/v2\/comments?post=85267"}],"version-history":[{"count":0,"href":"https:\/\/mediarun.com\/pl\/wp-json\/wp\/v2\/posts\/85267\/revisions"}],"wp:attachment":[{"href":"https:\/\/mediarun.com\/pl\/wp-json\/wp\/v2\/media?parent=85267"}],"wp:term":[{"taxonomy":"category","embeddable":true,"href":"https:\/\/mediarun.com\/pl\/wp-json\/wp\/v2\/categories?post=85267"},{"taxonomy":"post_tag","embeddable":true,"href":"https:\/\/mediarun.com\/pl\/wp-json\/wp\/v2\/tags?post=85267"}],"curies":[{"name":"wp","href":"https:\/\/api.w.org\/{rel}","templated":true}]}}