{"id":85264,"date":"2005-11-16T23:57:35","date_gmt":"2005-11-16T22:57:35","guid":{"rendered":"https:\/\/mediarun.com\/index.php\/news-posts\/promocja-remadays-w-niemczech\/"},"modified":"2005-11-16T23:57:35","modified_gmt":"2005-11-16T22:57:35","slug":"promocja-remadays-w-niemczech","status":"publish","type":"post","link":"https:\/\/mediarun.com\/pl\/trendy\/branding\/promocja-remadays-w-niemczech.html","title":{"rendered":"Promocja RemaDays w Niemczech"},"content":{"rendered":"<p>&#8222;Podpisana dzi\u015b umowa kooperacyjna jest kolejnym krokiem w kierunku umi\u0119dzynarodowienia naszych targ\u00f3w. Jednocze\u015bnie to konsekwentna realizacja za\u0142o\u017conego przez nas celu, czyli uczynienie z RemaDays g\u0142\u00f3wnego miejsca spotka\u0144 bran\u017cy reklamowej w Europie \u015arodkowo-Wschodniej. &#8211; m\u00f3wi organizator targ\u00f3w, prezes GJC Inter Media, S\u0142awomir Giefing. &#8222;W trakcie pierwszej edycji naszej imprezy skupili\u015bmy si\u0119 na stworzeniu platformy dla kompleksowej prezentacji narz\u0119dzi marketingu, PR i reklamy wykorzystywanych na polskim rynku. Z ka\u017cd\u0105 kolejn\u0105 edycj\u0105 chcieliby\u015bmy jednak poszerza\u0107 t\u0119 formu\u0142\u0119 o spojrzenie na rynki naszych s\u0105siad\u00f3w.&#8221; <\/p>\n<p>Nowy partner RemaDays w Niemczech to polsko-niemiecka Agencja Public Relations i Reklamy l&#8217;Orangerie z siedzib\u0105 pod Berlinem. Agencja specjalizuje si\u0119 w bilingualnym doradztwie polskich firm dzia\u0142aj\u0105cych w Niemczech oraz firm z Niemiec prowadz\u0105cych dzia\u0142alno\u015b\u0107 w Polsce. W\u0142a\u015bcicielka agencji, Aneta Taebel jest przekonana o atrakcyjno\u015bci RemaDays dla niemieckiej bran\u017cy reklamowej: &#8222;Niemcy z niezwyk\u0142\u0105 uwag\u0105 obserwuj\u0105 to, co dzieje si\u0119 na polskim rynku. Jest tak niemal w ka\u017cdej bran\u017cy. Tymczasem wiedza dotycz\u0105ca polskiego rynku public Relations i reklamy jest wci\u0105\u017c jeszcze stosunkowo niewielka. Targi i spotkania bran\u017cowe s\u0105 idealn\u0105 okazj\u0105 do zapoznania si\u0119 z ofert\u0105 rynku. Jestem przekonana, \u017ce RemaDays, szczeg\u00f3lnie w swej formule jako forum bran\u017cowe Europy \u015arodkowej i Wschodniej wzbudzi wielkie zainteresowanie niemieckich agencji. &#8211; m\u00f3wi Aneta Taebel<\/p>\n<p>Mi\u0119dzynarodowe Dni Marketingu i Reklamy RemaDays to najwi\u0119ksze spotkanie bran\u017cy reklamowej w Polsce. Celem imprezy jest m.in. stworzenie szerokiej platformy komunikacyjnej dla przedstawicieli wszystkich sektor\u00f3w dzia\u0142alno\u015bci marketingowej oraz integracja \u015brodowisk pracuj\u0105cych w r\u00f3\u017cnych sektorach bran\u017cy. Impreza jest te\u017c miejscem wielop\u0142aszczyznowego tematycznie dialogu partner\u00f3w w r\u00f3\u017cnych sektorach bran\u017cy. Ju\u017c pierwsza edycja tej imprezy w marcu b.r. zgromadzi\u0142a wi\u0119cej wystawc\u00f3w ni\u017c jakiekolwiek inne spotkanie bran\u017cowe w kraju. W dniach 7.-9. lutego 2006 na warszawskim EXPO odb\u0119dzie si\u0119 druga edycja tej imprezy. Na oko\u0142o 10000 m&sup2; tysi\u0105ce praktyk\u00f3w bran\u017cy spotka si\u0119, by pozna\u0107 najnowsze produkty, rozwi\u0105zania oraz trendy w marketingu i reklamie. Tym razem organizatorzy licz\u0105 na pobicie rekordu liczby zwiedzaj\u0105cych. <\/p>\n","protected":false},"excerpt":{"rendered":"Mi\u0119dzynarodowe Dni Reklamy i Marketingu RemaDays uzyska\u0142y kolejnego partnera za granic\u0105. Organizator targ\u00f3w, sp\u00f3\u0142ka GJC Media podpisa\u0142a dzi\u015b umow\u0119 o wsp\u00f3\u0142pracy z polsko-niemieck\u0105 Agencj\u0105 Public Relations i Reklamy l&#8217;Orangerie. W my\u015bl umowy, Agencja zajmie si\u0119 promowaniem Targ\u00f3w w Niemczech. l&#8217;Orangerie jest jednocze\u015bnie oficjalnym przedstawicielem RemaDays w tym kraju.","protected":false},"author":1,"featured_media":0,"comment_status":"open","ping_status":"closed","sticky":false,"template":"","format":"standard","meta":{"csco_display_header_overlay":false,"csco_singular_sidebar":"","csco_page_header_type":"","csco_page_load_nextpost":"","csco_post_video_location":[],"csco_post_video_location_hash":"","csco_post_video_url":"","csco_post_video_bg_start_time":0,"csco_post_video_bg_end_time":0,"footnotes":""},"categories":[9658],"tags":[],"class_list":{"0":"post-85264","1":"post","2":"type-post","3":"status-publish","4":"format-standard","6":"category-branding","7":"cs-entry","8":"cs-video-wrap"},"_links":{"self":[{"href":"https:\/\/mediarun.com\/pl\/wp-json\/wp\/v2\/posts\/85264","targetHints":{"allow":["GET"]}}],"collection":[{"href":"https:\/\/mediarun.com\/pl\/wp-json\/wp\/v2\/posts"}],"about":[{"href":"https:\/\/mediarun.com\/pl\/wp-json\/wp\/v2\/types\/post"}],"author":[{"embeddable":true,"href":"https:\/\/mediarun.com\/pl\/wp-json\/wp\/v2\/users\/1"}],"replies":[{"embeddable":true,"href":"https:\/\/mediarun.com\/pl\/wp-json\/wp\/v2\/comments?post=85264"}],"version-history":[{"count":0,"href":"https:\/\/mediarun.com\/pl\/wp-json\/wp\/v2\/posts\/85264\/revisions"}],"wp:attachment":[{"href":"https:\/\/mediarun.com\/pl\/wp-json\/wp\/v2\/media?parent=85264"}],"wp:term":[{"taxonomy":"category","embeddable":true,"href":"https:\/\/mediarun.com\/pl\/wp-json\/wp\/v2\/categories?post=85264"},{"taxonomy":"post_tag","embeddable":true,"href":"https:\/\/mediarun.com\/pl\/wp-json\/wp\/v2\/tags?post=85264"}],"curies":[{"name":"wp","href":"https:\/\/api.w.org\/{rel}","templated":true}]}}