{"id":85244,"date":"2005-11-17T00:49:40","date_gmt":"2005-11-16T23:49:40","guid":{"rendered":"https:\/\/mediarun.com\/index.php\/news-posts\/w-swieta-charytatywna-familiada\/"},"modified":"2005-11-17T00:49:40","modified_gmt":"2005-11-16T23:49:40","slug":"w-swieta-charytatywna-familiada","status":"publish","type":"post","link":"https:\/\/mediarun.com\/pl\/media\/tv\/w-swieta-charytatywna-familiada.html","title":{"rendered":"W \u015awi\u0119ta charytatywna Familiada"},"content":{"rendered":"<p>W pierwszym wydaniu dru\u017cyna prezenterek telewizyjnej Dw\u00f3jki &#8211; Agata M\u0142ynarska, Katarzyna Obara, Anna Popek, Jolanta Fajkowska i Katarzyna Dowbor spotkaj\u0105 si\u0119 z dru\u017cyn\u0105 ksi\u0119\u017cy &#8211; dyrektor\u00f3w i pracownik\u00f3w Caritasu z ksi\u0119dzem Zdzis\u0142awem \u015awiniarskim, zast\u0119pc\u0105 dyrektora Caritas Polska, na czele. Podopieczni Caritasu b\u0119d\u0105 obecni na widowni, a na zako\u0144czenie programu podziel\u0105 si\u0119 z prowadz\u0105cym, Karolem Strasburgerem oraz dru\u017cynami zawodnik\u00f3w, tradycyjnym op\u0142atkiem. Nagrody i wygrana z tego wydania przeznaczone b\u0119d\u0105 dla Domu Opieki Caritas w Orzyszu, powstaj\u0105cego w przekazanych na ten cel przez w\u0142adze miejskie dawnych koszarach, a przeznaczonego dla os\u00f3b starszych, chorych i samotnych. To wydanie &#8222;Familiady&#8221; Dw\u00f3jka poka\u017ce w Wigili\u0119 o godz. 14.00. <\/p>\n<p>Drugie wydanie specjalne po\u015bwi\u0119cone b\u0119dzie kuchni i \u017cywieniu. Dru\u017cyna smakoszy spotka si\u0119 z nim z dru\u017cyn\u0105 lekarzy. Pierwsza z\u0142o\u017cona b\u0119dzie z prowadz\u0105cych telewizyjne programy kulinarne oraz dziennikarzy pisz\u0105cych o kuchni i potrawach, jak m.in. Robert Mak\u0142owicz, Karol Okrasa i Agnieszka Kr\u0119glicka. Drug\u0105 dru\u017cyn\u0119 stanowi\u0107 b\u0119d\u0105 lekarze, kt\u00f3rych specjalno\u015bci zwi\u0105zane s\u0105 leczeniem chor\u00f3b wywo\u0142anych m.in. niew\u0142a\u015bciwym \u017cywieniem: dr Ma\u0142gorzata Koz\u0142owska-Wojciechowska &#8211; gastrolog, przewodnicz\u0105ca Rady Promocji Zdrowego \u017bywienia Cz\u0142owieka, pracownik naukowy Akademii Medycznej w Warszawie, prof. Marek Naruszewicz &#8211; prezes Polskiego Towarzystwa Bada\u0144 nad Mia\u017cd\u017cyc\u0105, kierownik Zak\u0142adu Farmakognozji AM w W-wie, prof. Zbigniew Wronkowski &#8211; onkolog, Prezes Zarz\u0105du G\u0142\u00f3wnego Polskiego Komitetu Zwalczania Raka i inni. W tym odcinku pr\u00f3cz pyta\u0144 zwi\u0105zanych z potrawami i zwyczajami \u015bwi\u0105tecznymi b\u0119dzie r\u00f3wnie\u017c kr\u00f3tka rozmowa z ka\u017cdym ze specjalist\u00f3w o tym, jak sobie pom\u00f3c jedz\u0105c to, co korzystne dla organizmu, i czego unika\u0107, aby nie chorowa\u0107. To wydanie b\u0119dzie mo\u017cna zobaczy\u0107 w niedziel\u0119, w pierwszy dzie\u0144 \u015awi\u0105t, tak\u017ce o godz. 14.00.<\/p>\n","protected":false},"excerpt":{"rendered":"TVP przygotowuje dwa specjalne, \u015bwi\u0105teczne wydania popularnego teleturnieju &#8222;Familiada&#8221;: Caritas kontra prezenterki Dw\u00f3jki oraz Smakosze kontra Lekarze.  Wygrana i nagrody rzeczowe z obu wyda\u0144 przeznaczone b\u0119d\u0105 na cele charytatywne: Dom Opieki Caritas w Orzyszu oraz Towarzystwo Rodzin Wielodzietnych w Kro\u015bnie.","protected":false},"author":1,"featured_media":85245,"comment_status":"open","ping_status":"closed","sticky":false,"template":"","format":"standard","meta":{"csco_display_header_overlay":false,"csco_singular_sidebar":"","csco_page_header_type":"","csco_page_load_nextpost":"","csco_post_video_location":[],"csco_post_video_location_hash":"","csco_post_video_url":"","csco_post_video_bg_start_time":0,"csco_post_video_bg_end_time":0,"footnotes":""},"categories":[9670],"tags":[],"class_list":{"0":"post-85244","1":"post","2":"type-post","3":"status-publish","4":"format-standard","5":"has-post-thumbnail","7":"category-tv","8":"cs-entry","9":"cs-video-wrap"},"_links":{"self":[{"href":"https:\/\/mediarun.com\/pl\/wp-json\/wp\/v2\/posts\/85244","targetHints":{"allow":["GET"]}}],"collection":[{"href":"https:\/\/mediarun.com\/pl\/wp-json\/wp\/v2\/posts"}],"about":[{"href":"https:\/\/mediarun.com\/pl\/wp-json\/wp\/v2\/types\/post"}],"author":[{"embeddable":true,"href":"https:\/\/mediarun.com\/pl\/wp-json\/wp\/v2\/users\/1"}],"replies":[{"embeddable":true,"href":"https:\/\/mediarun.com\/pl\/wp-json\/wp\/v2\/comments?post=85244"}],"version-history":[{"count":0,"href":"https:\/\/mediarun.com\/pl\/wp-json\/wp\/v2\/posts\/85244\/revisions"}],"wp:featuredmedia":[{"embeddable":true,"href":"https:\/\/mediarun.com\/pl\/wp-json\/wp\/v2\/media\/85245"}],"wp:attachment":[{"href":"https:\/\/mediarun.com\/pl\/wp-json\/wp\/v2\/media?parent=85244"}],"wp:term":[{"taxonomy":"category","embeddable":true,"href":"https:\/\/mediarun.com\/pl\/wp-json\/wp\/v2\/categories?post=85244"},{"taxonomy":"post_tag","embeddable":true,"href":"https:\/\/mediarun.com\/pl\/wp-json\/wp\/v2\/tags?post=85244"}],"curies":[{"name":"wp","href":"https:\/\/api.w.org\/{rel}","templated":true}]}}