{"id":85240,"date":"2005-11-17T00:59:09","date_gmt":"2005-11-16T23:59:09","guid":{"rendered":"https:\/\/mediarun.com\/index.php\/news-posts\/ozon-na-sprzedaz-2\/"},"modified":"2005-11-17T00:59:09","modified_gmt":"2005-11-16T23:59:09","slug":"ozon-na-sprzedaz-2","status":"publish","type":"post","link":"https:\/\/mediarun.com\/pl\/media\/prasa\/ozon-na-sprzedaz-2.html","title":{"rendered":"Ozon na sprzeda\u017c"},"content":{"rendered":"<p> &#8211; Wszyscy udzia\u0142owcy zdecydowali, \u017ce chc\u0105 odda\u0107 sp\u00f3\u0142k\u0119 w bran\u017cowe r\u0119ce, gdy\u017c maj\u0105 inne pomys\u0142y na \u017cycie. Np. nasz g\u0142\u00f3wny udzia\u0142owiec zaj\u0105\u0142 si\u0119 czynnie polityk\u0105 i posiadanie w\u0142asnej gazety w tej sytuacji nie jest dla niego wygodne &#8211; powiedzia\u0142 &#8222;Gazecie Wyborczej&#8221; Micha\u0142 Je\u017cewski, prezes sp\u00f3\u0142ki Ozon Media, wydaj\u0105cej tygodnik. Jej g\u0142\u00f3wnym udzia\u0142owcem jest Janusz Palikot, szef rady nadzorczej i akcjonariusz Polmosu Lublin, a od niedawna pose\u0142 PO.<\/p>\n<p>&#8211; Udzia\u0142owcy wydawnictwa wynaj\u0119li austriacki Erste Bank, kt\u00f3ry od tygodnia zbiera oferty od firm potencjalnie zainteresowanych &#8222;Ozonem. Jak powiedzia\u0142 nam Micha\u0142 Je\u017cewski kierowanym przez niego wydawnictwem interesuj\u0105 si\u0119 obecnie cztery zagraniczne firmy medialne. Nie chcia\u0142 jednak ujawni\u0107 ich nazw. Bran\u017cowy miesi\u0119cznik &#8222;Press&#8221; w swoim serwisie elektronicznym poinformowa\u0142, powo\u0142uj\u0105c si\u0119 na nieoficjalne \u017ar\u00f3d\u0142a, \u017ce w\u0142a\u015bciciele Ozon Media ju\u017c zgodzili si\u0119 na sprzeda\u017c udzia\u0142\u00f3w austriackiej grupie prasowej Styria Medien. W rozmowie z &#8222;Gazet\u0105&#8221; prezes wydawnictwa potwierdzi\u0142, \u017ce ta sp\u00f3\u0142ka jest w gronie zainteresowanych inwestor\u00f3w, ale informacja o sprzeda\u017cy jest przedwczesna. &#8211; czytamy w &#8222;Gazecie Wyborczej&#8221;<\/p>\n<p>&#8211; &#8222;Ozon&#8221; wychodzi od kwietnia tego roku. Micha\u0142 Je\u017cewski (prezes sp\u00f3\u0142ki) i Grzegorz G\u00f3rny (redaktor naczelny) kieruj\u0105 pismem od lipca, kiedy do dymisji poda\u0142o si\u0119 poprzednie kierownictwo. Janusz Palikot ujawni\u0142 w sierpniu, \u017ce w sumie inwestycje w Ozon Media poch\u0142on\u0119\u0142y 24 mln z\u0142. Od sierpnia tego roku na rozw\u00f3j pisma wydano co najmniej 6 mln z\u0142, w tym 4 mln z\u0142 na kampani\u0119 reklamow\u0105. Wed\u0142ug Palikota przy sprzeda\u017cy tygodnika na poziomie 60 tys. egzemplarzy sp\u00f3\u0142ka nie b\u0119dzie przynosi\u0107 strat. Przedsi\u0119biorca doda\u0142 te\u017c, \u017ce je\u015bli do ko\u0144ca tego roku tygodnik nie b\u0119dzie sprzedawa\u0142 si\u0119 w 80-100 tys. egzemplarzy, ekipa kieruj\u0105ca pismem ponownie zostanie wymieniona. Ostatnie, listopadowe numery &#8222;Ozonu&#8221; sprzedawa\u0142y si\u0119 &#8211; wed\u0142ug danych wydawcy &#8211; na poziomie 40 tys. egzemplarzy. &#8211; pisze &#8222;Gazeta Wyborcza&#8221;<\/p>\n","protected":false},"excerpt":{"rendered":"W\u0142a\u015bciciele &#8222;Ozonu&#8221; szukaj\u0105 dla tygodnika inwestora bran\u017cowego. Wynaj\u0119ty przez nich bank od tygodnia zbiera oferty. List intencyjny ma by\u0107 podpisany do ko\u0144ca roku. &#8211; donosi &#8222;Gazeta Wyborcza&#8221;. Do 40 tys. egz. spad\u0142a \u015brednia sprzeda\u017c tygodnika.","protected":false},"author":1,"featured_media":0,"comment_status":"open","ping_status":"closed","sticky":false,"template":"","format":"standard","meta":{"csco_display_header_overlay":false,"csco_singular_sidebar":"","csco_page_header_type":"","csco_page_load_nextpost":"","csco_post_video_location":[],"csco_post_video_location_hash":"","csco_post_video_url":"","csco_post_video_bg_start_time":0,"csco_post_video_bg_end_time":0,"footnotes":""},"categories":[9673],"tags":[],"class_list":{"0":"post-85240","1":"post","2":"type-post","3":"status-publish","4":"format-standard","6":"category-prasa","7":"cs-entry","8":"cs-video-wrap"},"_links":{"self":[{"href":"https:\/\/mediarun.com\/pl\/wp-json\/wp\/v2\/posts\/85240","targetHints":{"allow":["GET"]}}],"collection":[{"href":"https:\/\/mediarun.com\/pl\/wp-json\/wp\/v2\/posts"}],"about":[{"href":"https:\/\/mediarun.com\/pl\/wp-json\/wp\/v2\/types\/post"}],"author":[{"embeddable":true,"href":"https:\/\/mediarun.com\/pl\/wp-json\/wp\/v2\/users\/1"}],"replies":[{"embeddable":true,"href":"https:\/\/mediarun.com\/pl\/wp-json\/wp\/v2\/comments?post=85240"}],"version-history":[{"count":0,"href":"https:\/\/mediarun.com\/pl\/wp-json\/wp\/v2\/posts\/85240\/revisions"}],"wp:attachment":[{"href":"https:\/\/mediarun.com\/pl\/wp-json\/wp\/v2\/media?parent=85240"}],"wp:term":[{"taxonomy":"category","embeddable":true,"href":"https:\/\/mediarun.com\/pl\/wp-json\/wp\/v2\/categories?post=85240"},{"taxonomy":"post_tag","embeddable":true,"href":"https:\/\/mediarun.com\/pl\/wp-json\/wp\/v2\/tags?post=85240"}],"curies":[{"name":"wp","href":"https:\/\/api.w.org\/{rel}","templated":true}]}}