{"id":85237,"date":"2005-11-17T01:05:29","date_gmt":"2005-11-17T00:05:29","guid":{"rendered":"https:\/\/mediarun.com\/index.php\/news-posts\/pis-odchudzic-krrit\/"},"modified":"2005-11-17T01:05:29","modified_gmt":"2005-11-17T00:05:29","slug":"pis-odchudzic-krrit","status":"publish","type":"post","link":"https:\/\/mediarun.com\/pl\/media\/tv\/pis-odchudzic-krrit.html","title":{"rendered":"PiS: Odchudzi\u0107 KRRiT"},"content":{"rendered":"<p>&#8211; PiS-owski projekt nowelizacji ustawy o radiofonii i telewizji przewiduje zmniejszenie liczby cz\u0142onk\u00f3w KRRiT z dziewi\u0119ciu do trzech, a tak\u017ce drastyczne zmniejszenie zatrudnienia w obu instytucjach.  &#8211; donosi &#8222;Rzeczpospolita&#8221;<\/p>\n<p>&#8211; Zacz\u0119li\u015bmy od regulator\u00f3w, bo w dziedzinie medialnej poprawa musi i\u015b\u0107 od g\u00f3ry. Upartyjnienie medi\u00f3w publicznych w du\u017cej mierze bra\u0142o si\u0119 z upartyjnienia regulatora &#8211; t\u0142umaczy &#8222;Rz&#8221; nowy wiceminister kultury Jaros\u0142aw Sellin, by\u0142y cz\u0142onek KRRiT. <\/p>\n<p>&#8211; Mimo uszczuplenia Krajowej Rady spos\u00f3b rekrutacji jej cz\u0142onk\u00f3w si\u0119 nie zmieni &#8211; nadal wybiera\u0107 ich b\u0119dzie Sejm, Senat i prezydent, bo takie rozwi\u0105zanie zapisane jest w konstytucji (jednak ka\u017cdy z tych organ\u00f3w wybierze tylko jednego cz\u0142onka). Oznacza to, \u017ce w wypadku Senatu (gdzie Klub PiS ma ponad po\u0142ow\u0119 senator\u00f3w) i prezydenta (od 24 grudnia b\u0119dzie nim Lech Kaczy\u0144ski) wyboru faktycznie dokona Prawo i Sprawiedliwo\u015b\u0107. Jedynie kandydat sejmowy mo\u017ce by\u0107 efektem kompromisu, np. z Samoobron\u0105 i LPR b\u0105d\u017a z PO. &#8211; czytamy w &#8222;Rzeczpospolitej&#8221;<\/p>\n<p>Pos\u0142anka Iwona \u015aledzi\u0144ska-Katarasi\u0144ska z PO nie zapozna\u0142a si\u0119 jeszcze z projektem PiS. Zaznacza, \u017ce PO ma w\u0142asne projekty zmian rynku medi\u00f3w. &#8211; Musimy je por\u00f3wna\u0107 i wtedy podejmiemy decyzj\u0119 w sprawie ewentualnego poparcia. My\u015bmy np. nie m\u00f3wili o trzech cz\u0142onkach KRRiT, ale szczeg\u00f3\u0142owo okre\u015blali\u015bmy, spo\u015br\u00f3d jakiego grona mog\u0105 by\u0107 wy\u0142aniani &#8211; wymienia r\u00f3\u017cnice. <\/p>\n","protected":false},"excerpt":{"rendered":"PiS zaczyna zmiany na rynku medi\u00f3w. Liczy na poparcie PO, ale Platforma ma w\u0142asny pomys\u0142 na reform\u0119. Pierwszy krok to uporz\u0105dkowanie relacji mi\u0119dzy dwoma instytucjami reguluj\u0105cymi polski rynek medialny i telekomunikacyjny: Krajow\u0105 Rad\u0105 Radiofonii i Telewizji i Urz\u0119dem Regulacji Telekomunikacji i Poczty. A tak\u017ce ich odchudzenie, w ramach promowania &#8222;taniego pa\u0144stwa&#8221;. &#8211; pisze &#8222;Rzeczpospolita&#8221;","protected":false},"author":1,"featured_media":85238,"comment_status":"open","ping_status":"closed","sticky":false,"template":"","format":"standard","meta":{"csco_display_header_overlay":false,"csco_singular_sidebar":"","csco_page_header_type":"","csco_page_load_nextpost":"","csco_post_video_location":[],"csco_post_video_location_hash":"","csco_post_video_url":"","csco_post_video_bg_start_time":0,"csco_post_video_bg_end_time":0,"footnotes":""},"categories":[9670],"tags":[],"class_list":{"0":"post-85237","1":"post","2":"type-post","3":"status-publish","4":"format-standard","5":"has-post-thumbnail","7":"category-tv","8":"cs-entry","9":"cs-video-wrap"},"_links":{"self":[{"href":"https:\/\/mediarun.com\/pl\/wp-json\/wp\/v2\/posts\/85237","targetHints":{"allow":["GET"]}}],"collection":[{"href":"https:\/\/mediarun.com\/pl\/wp-json\/wp\/v2\/posts"}],"about":[{"href":"https:\/\/mediarun.com\/pl\/wp-json\/wp\/v2\/types\/post"}],"author":[{"embeddable":true,"href":"https:\/\/mediarun.com\/pl\/wp-json\/wp\/v2\/users\/1"}],"replies":[{"embeddable":true,"href":"https:\/\/mediarun.com\/pl\/wp-json\/wp\/v2\/comments?post=85237"}],"version-history":[{"count":0,"href":"https:\/\/mediarun.com\/pl\/wp-json\/wp\/v2\/posts\/85237\/revisions"}],"wp:featuredmedia":[{"embeddable":true,"href":"https:\/\/mediarun.com\/pl\/wp-json\/wp\/v2\/media\/85238"}],"wp:attachment":[{"href":"https:\/\/mediarun.com\/pl\/wp-json\/wp\/v2\/media?parent=85237"}],"wp:term":[{"taxonomy":"category","embeddable":true,"href":"https:\/\/mediarun.com\/pl\/wp-json\/wp\/v2\/categories?post=85237"},{"taxonomy":"post_tag","embeddable":true,"href":"https:\/\/mediarun.com\/pl\/wp-json\/wp\/v2\/tags?post=85237"}],"curies":[{"name":"wp","href":"https:\/\/api.w.org\/{rel}","templated":true}]}}