{"id":85236,"date":"2005-11-17T01:13:10","date_gmt":"2005-11-17T00:13:10","guid":{"rendered":"https:\/\/mediarun.com\/index.php\/news-posts\/obowiazek-autoryzacji-sprzeczny-z-konstytucja\/"},"modified":"2005-11-17T01:13:10","modified_gmt":"2005-11-17T00:13:10","slug":"obowiazek-autoryzacji-sprzeczny-z-konstytucja","status":"publish","type":"post","link":"https:\/\/mediarun.com\/pl\/media\/prasa\/obowiazek-autoryzacji-sprzeczny-z-konstytucja.html","title":{"rendered":"Obowi\u0105zek autoryzacji sprzeczny z konstytucj\u0105?"},"content":{"rendered":"<p>&#8211; Dlatego rzecznik przyst\u0105pi\u0142 do skargi konstytucyjnej Jerzego Wizerkaniuka, redaktora naczelnego dziennika &#8222;Gazeta Ko\u015bcia\u0144ska&#8221;. Dziennikarz odpowiada\u0142 w 2004 r. przed s\u0105dami Rejonowym i Okr\u0119gowym w Poznaniu za opublikowanie bez autoryzacji dos\u0142ownie cytowanych wypowiedzi pos\u0142a Tadeusza Mylera. Zamie\u015bci\u0142 te\u017c bez jego zgody zdj\u0119cia zrobione podczas wywiadu. S\u0105dy umorzy\u0142y warunkowo post\u0119powanie karne, ale Wizerkaniuk zaskar\u017cy\u0142 do Trybuna\u0142u Konstytucyjnego przepisy prawa prasowego (art. 49 w zw. z art. 14 ust. 1 i 2), stanowi\u0105ce podstaw\u0119 obu orzecze\u0144. Rzecznik podziela jego stanowisko. Wolno\u015b\u0107 medi\u00f3w zak\u0142ada m.in., i\u017c dziennikarz ma swobod\u0119 ekspresji i mo\u017ce samodzielnie wybra\u0107 form\u0119 publikacji. Kwestionowane ograniczenie mia\u0142o chroni\u0107 prawo do prywatno\u015bci, ewentualnie wolno\u015b\u0107 s\u0142owa osoby wypowiadaj\u0105cej si\u0119. Ale sankcja karna za z\u0142amanie nakazu autoryzowania na \u017c\u0105danie tego nie zapewnia, nie jest te\u017c niezb\u0119dna do ochrony interesu publicznego. &#8211; czytamy w &#8222;Rzeczpospolitej&#8221;<\/p>\n<p>&#8211; Ustawodawca nie na\u0142o\u017cy\u0142 przy tym na dziennikarzy obowi\u0105zku przedstawiania do autoryzacji om\u00f3wie\u0144 wypowiedzi, chocia\u017c w\u0142a\u015bnie one pozwalaj\u0105 przeinaczy\u0107 lub zmanipulowa\u0107 ich sens. Zainteresowani mog\u0105 w takich sytuacjach \u017c\u0105da\u0107 sprostowania, polemizowa\u0107, wytacza\u0107 pow\u00f3dztwo o ochron\u0119 d\u00f3br osobistych b\u0105d\u017a wnosi\u0107 prywatny akt oskar\u017cenia o znies\u0142awienie. Nie jest wi\u0119c konieczne obwarowanie sankcj\u0105 karn\u0105 publikowania dos\u0142ownie cytowanych wypowiedzi bez ich autoryzacji. &#8211; pisze &#8222;Rz&#8221;<\/p>\n","protected":false},"excerpt":{"rendered":"&#8222;Rzeczpospolita&#8221;: Przepisy prawa prasowego gro\u017c\u0105ce dziennikarzom kar\u0105 za naruszenie obowi\u0105zku przedstawienia na \u017c\u0105danie do autoryzacji wypowiedzi cytowanych dos\u0142ownie s\u0105 sprzeczne z konstytucj\u0105 &#8211; uwa\u017ca rzecznik praw obywatelskich.","protected":false},"author":1,"featured_media":0,"comment_status":"open","ping_status":"closed","sticky":false,"template":"","format":"standard","meta":{"csco_display_header_overlay":false,"csco_singular_sidebar":"","csco_page_header_type":"","csco_page_load_nextpost":"","csco_post_video_location":[],"csco_post_video_location_hash":"","csco_post_video_url":"","csco_post_video_bg_start_time":0,"csco_post_video_bg_end_time":0,"footnotes":""},"categories":[9673],"tags":[],"class_list":{"0":"post-85236","1":"post","2":"type-post","3":"status-publish","4":"format-standard","6":"category-prasa","7":"cs-entry","8":"cs-video-wrap"},"_links":{"self":[{"href":"https:\/\/mediarun.com\/pl\/wp-json\/wp\/v2\/posts\/85236","targetHints":{"allow":["GET"]}}],"collection":[{"href":"https:\/\/mediarun.com\/pl\/wp-json\/wp\/v2\/posts"}],"about":[{"href":"https:\/\/mediarun.com\/pl\/wp-json\/wp\/v2\/types\/post"}],"author":[{"embeddable":true,"href":"https:\/\/mediarun.com\/pl\/wp-json\/wp\/v2\/users\/1"}],"replies":[{"embeddable":true,"href":"https:\/\/mediarun.com\/pl\/wp-json\/wp\/v2\/comments?post=85236"}],"version-history":[{"count":0,"href":"https:\/\/mediarun.com\/pl\/wp-json\/wp\/v2\/posts\/85236\/revisions"}],"wp:attachment":[{"href":"https:\/\/mediarun.com\/pl\/wp-json\/wp\/v2\/media?parent=85236"}],"wp:term":[{"taxonomy":"category","embeddable":true,"href":"https:\/\/mediarun.com\/pl\/wp-json\/wp\/v2\/categories?post=85236"},{"taxonomy":"post_tag","embeddable":true,"href":"https:\/\/mediarun.com\/pl\/wp-json\/wp\/v2\/tags?post=85236"}],"curies":[{"name":"wp","href":"https:\/\/api.w.org\/{rel}","templated":true}]}}