{"id":85203,"date":"2005-11-17T16:38:51","date_gmt":"2005-11-17T15:38:51","guid":{"rendered":"https:\/\/mediarun.com\/index.php\/news-posts\/tvp-zdradzila-sportowe-plany\/"},"modified":"2005-11-17T16:38:51","modified_gmt":"2005-11-17T15:38:51","slug":"tvp-zdradzila-sportowe-plany","status":"publish","type":"post","link":"https:\/\/mediarun.com\/pl\/media\/tv\/tvp-zdradzila-sportowe-plany.html","title":{"rendered":"TVP zdradzi\u0142a sportowe plany"},"content":{"rendered":"<p>TVP chcia\u0142a wykaza\u0107 si\u0119 nowoczesno\u015bci\u0105 w czasie samej konferencji prasowej. Po raz pierwszy w historii redakcji sportowej spotkanie prasowe za po\u015brednictwem \u0142\u0105cz satelitarnych, odbywa\u0142o si\u0119 zar\u00f3wno w Warszawie, jak i Wi\u015ble, gdzie znale\u017ali si\u0119 czo\u0142owi polscy skoczkowie narciarscy. <\/p>\n<p>Koszty przeprowadzenia relacji z zimowej olimpiady w Turynie b\u0119d\u0105 mniejsze ni\u017c w przypadku Aten. Powodem jest wys\u0142anie mniejszej ilo\u015bci pracownik\u00f3w do W\u0142och. TVP wy\u015ble 30 dziennikarzy, reporter\u00f3w i pracownik\u00f3w obs\u0142ugi technicznej. Do Aten wyjecha\u0142o ponad 40 os\u00f3b. G\u0142\u00f3wne studio olimpiady znajdowa\u0107 si\u0119 b\u0119dzie nie w Turynie, lecz w gmachu TVP przy ulicy Woronicza. Wynika to z roz\u0142o\u017cenia terenowego poszczeg\u00f3lnych dyscyplin, zw\u0142aszcza wysokog\u00f3rskich. Robert Korzeniowski, szef kolegium sportowego TVP S.A. podkre\u015bli\u0142, i\u017c umiejscowienie &#8222;g\u0142\u00f3wnego centrum dowodzenia&#8221; w Warszawie pozwoli na \u0142atwiejsz\u0105 koordynacj\u0119 prac nad transmisjami. \u0141atwiej b\u0119dzie te\u017c o kompetentnych ekspert\u00f3w w poszczeg\u00f3lnych dyscyplinach. <\/p>\n<p>Do najwa\u017cniejszych ekspert\u00f3w b\u0119dzie mo\u017cna zaliczy\u0107 Apoloniusza Tajnera, Wies\u0142awa Jobczyka i Katarzyn\u0119 Zygmunt. Gospodarzami studia olimpijskiego w Warszawie b\u0119d\u0105 Paulina Chylewska, Rafa\u0142 Patyra i Micha\u0142 Olsza\u0144ski. We W\u0142oszech TVP przygotuje tylko jedno studio &#8211; pod skoczni\u0105, sk\u0105d relacje przeprowadzi Maciej Kurzajewski. Telewizja Polska liczy na powt\u00f3rk\u0119 sukcesu transmisji z Salt Lake City, dzi\u0119ki kt\u00f3rej udzia\u0142 w rynku TVP wyni\u00f3s\u0142 ponad 40 proc. \u0141\u0105cznie z Turynu przeprowadzone zostanie blisko 200 godzin transmisji. Najwi\u0119ksz\u0105 wag\u0119 nadawca publiczny przywi\u0105zuje do wyst\u0119p\u00f3w Polak\u00f3w na konkursach z takich dyscyplin jak, biathlon, snowboard, \u0142y\u017cwiarstwo szybkie i figurowe, narciarstwo alpejskie, biegi narciarskie i hokej na lodzie. <\/p>\n<p>W relacjach z olimpiady b\u0119d\u0105 uczestniczy\u0142y wszystkie anteny Telewizji Polskiej. Transmisje i programy towarzysz\u0105ce zmaganiom sportowc\u00f3w rozpoczn\u0105 si\u0119 9 lutego i potrwaj\u0105 do 27 lutego. Codziennie o 7:45 w TVP2 powt\u00f3rzone zostan\u0105 najwa\u017cniejsze migawki z dnia poprzedniego. Nast\u0105pi te\u017c zapowied\u017a wydarze\u0144 dnia. Od 10:00 do ok. 12:00 trwa\u0107 b\u0119d\u0105 transmisj\u0119 w &#8222;telewizyjnej Tr\u00f3jce&#8221;. Od 12:00 do ok. 15:00 studio olimpijskie b\u0119dzie mo\u017cna ogl\u0105da\u0107 w TVP1. Do &#8222;Dw\u00f3jki&#8221; zostanie przeniesione na godziny 15:00-18:00. Transmisje b\u0119dzie mo\u017cna te\u017c ogl\u0105da\u0107 do p\u00f3\u017anych godzin wieczornych w TVP1. W razie rozgrywania dw\u00f3ch szczeg\u00f3lnie wa\u017cnych dyscyplin, relacje z Turynu obejm\u0105 dwie anteny jednocze\u015bnie.   <\/p>\n<p>W Programie 1 Telewizji Polskiej zobaczymy te\u017c wszystkie 25 konkurs\u00f3w Pucharu \u015awiata w skokach narciarskich. Pierwszy z nich ju\u017c w pi\u0105tek 25 listopada 2005 r. w Kuusamo. Sezon zako\u0144czy si\u0119 19 marca w Planicy. \u0141\u0105cznie sympatycy skok\u00f3w narciarskich zobacz\u0105 65 godzin transmisji ze zmaga\u0144 swoich faworyt\u00f3w. <\/p>\n<p>TVP do miejsc, gdzie odb\u0119d\u0105 si\u0119 najwa\u017cniejsze konkursy Pucharu \u015awiata wy\u015ble swoje wozy transmisyjne. Mowa tutaj o Harrachovie, Oberstdorfie, Garmisch-Partenkirchen, Innsbrucku, Bischofschofen, Kulmie i Planicy. Ekspert\u00f3w nie zabraknie tak\u017ce przy okazji relacji z Pucharu \u015awiata. Przewodzi\u0107 im b\u0119dzie Apoloniusz Tajner. Pojawi\u0105 si\u0119 te\u017c eksperci z takich dziedzin jak psychologia, socjologia i fizyka. <\/p>\n<p>Stanis\u0142aw W\u00f3jcik, wiceprezes TVP i cz\u0142onek zarz\u0105du ds. ekonomicznych i finansowych podkre\u015bli\u0142, i\u017c zamys\u0142em nadawcy publicznego jest kontynuowanie atrakcyjnego relacjonowania sportu. Z tego powodu te\u017c TVP pracuje nad kana\u0142em tematycznym. Robert Korzeniowski powiedzia\u0142 nam, \u017ce cyfrowa telewizja naziemna mo\u017ce by\u0107 dobr\u0105 drog\u0105 do rozwoju takiego kana\u0142u tematycznego, jak TVP Sport. Prawdopodobne jest te\u017c jego pojawienie si\u0119 w sieciach kablowych i platformach cyfrowych. Nie wyznaczono na razie konkretnych dat. Kiedy to nast\u0105pi, b\u0119dzie mo\u017cna zaj\u0105\u0107 si\u0119 pozyskiwaniem praw do poszczeg\u00f3lnych transmisji. Wypowiedzi poszczeg\u00f3lnych przedstawicieli TVP wskazuj\u0105 jednak, i\u017c nie chodzi o sportowy kana\u0142 premium, lecz stacj\u0119, kt\u00f3ra w zgodzie z misj\u0105 telewizji publicznej b\u0119dzie promowa\u0142a sportowego wychowanie i poka\u017ce sportow\u0105 walk\u0119 polskich reprezentant\u00f3w. <\/p>\n","protected":false},"excerpt":{"rendered":"Telewizja Polska zaprezentowa\u0142a w czwartek dziennikarzom i dzia\u0142aczom sportowym swoje plany odno\u015bnie nadchodz\u0105cych Igrzysk Olimpijskich w Turynie, Pucharu \u015awiata w skokach narciarskich i sportowego kana\u0142u tematycznego. Jednocze\u015bnie wci\u0105\u017c trwaj\u0105 rozmowy TVP z firm\u0105 Infront, w\u0142a\u015bcicielem praw do transmisji przysz\u0142orocznego mundialu.","protected":false},"author":1,"featured_media":85204,"comment_status":"open","ping_status":"closed","sticky":false,"template":"","format":"standard","meta":{"csco_display_header_overlay":false,"csco_singular_sidebar":"","csco_page_header_type":"","csco_page_load_nextpost":"","csco_post_video_location":[],"csco_post_video_location_hash":"","csco_post_video_url":"","csco_post_video_bg_start_time":0,"csco_post_video_bg_end_time":0,"footnotes":""},"categories":[9670],"tags":[],"class_list":{"0":"post-85203","1":"post","2":"type-post","3":"status-publish","4":"format-standard","5":"has-post-thumbnail","7":"category-tv","8":"cs-entry","9":"cs-video-wrap"},"_links":{"self":[{"href":"https:\/\/mediarun.com\/pl\/wp-json\/wp\/v2\/posts\/85203","targetHints":{"allow":["GET"]}}],"collection":[{"href":"https:\/\/mediarun.com\/pl\/wp-json\/wp\/v2\/posts"}],"about":[{"href":"https:\/\/mediarun.com\/pl\/wp-json\/wp\/v2\/types\/post"}],"author":[{"embeddable":true,"href":"https:\/\/mediarun.com\/pl\/wp-json\/wp\/v2\/users\/1"}],"replies":[{"embeddable":true,"href":"https:\/\/mediarun.com\/pl\/wp-json\/wp\/v2\/comments?post=85203"}],"version-history":[{"count":0,"href":"https:\/\/mediarun.com\/pl\/wp-json\/wp\/v2\/posts\/85203\/revisions"}],"wp:featuredmedia":[{"embeddable":true,"href":"https:\/\/mediarun.com\/pl\/wp-json\/wp\/v2\/media\/85204"}],"wp:attachment":[{"href":"https:\/\/mediarun.com\/pl\/wp-json\/wp\/v2\/media?parent=85203"}],"wp:term":[{"taxonomy":"category","embeddable":true,"href":"https:\/\/mediarun.com\/pl\/wp-json\/wp\/v2\/categories?post=85203"},{"taxonomy":"post_tag","embeddable":true,"href":"https:\/\/mediarun.com\/pl\/wp-json\/wp\/v2\/tags?post=85203"}],"curies":[{"name":"wp","href":"https:\/\/api.w.org\/{rel}","templated":true}]}}