{"id":85199,"date":"2005-11-17T17:55:15","date_gmt":"2005-11-17T16:55:15","guid":{"rendered":"https:\/\/mediarun.com\/index.php\/news-posts\/nowosci-w-ramowce-tok-fm\/"},"modified":"2005-11-17T17:55:15","modified_gmt":"2005-11-17T16:55:15","slug":"nowosci-w-ramowce-tok-fm","status":"publish","type":"post","link":"https:\/\/mediarun.com\/pl\/media\/radio\/nowosci-w-ramowce-tok-fm.html","title":{"rendered":"Nowo\u015bci w ram\u00f3wce Tok FM"},"content":{"rendered":"<p>Agnieszka Lichnerowicz i Patrycja Wanat w programie &#8222;Na fa\u0142ach \u015bwiata&#8221; prze\u015bledz\u0105 najciekawsze wydarzenia na wszystkich kontynentach. Autorki zapewniaj\u0105, \u017ce skupi\u0105 si\u0119 na tych, kt\u00f3re s\u0105 pomijane w serwisach, czy komentarzach. &#8211; Dob\u00f3r informacji jest subiektywny &#8211; powiemy o tym, o czym, naszym zdaniem, powiedzie\u0107 trzeba &#8211; t\u0142umacz\u0105. Audycji &#8222;Na falach \u015bwiata&#8221; mo\u017cna s\u0142ucha\u0107 w niedziel\u0119 mi\u0119dzy godzin\u0105 18, a 19. W zwi\u0105zku z pojawieniem si\u0119 nowego programu &#8222;Magazyn filmowy&#8221; Krzysztofa Grzybowskiego zmienia godzin\u0119 emisji i b\u0119dzie trwa\u0142 od godziny 19 do 20.<\/p>\n<p>Autorem i prowadz\u0105cym program &#8222;Stok&#8221; jest \u0141ukasz Starowieyski, wydawc\u0105 Piotr Zor\u0107, a sta\u0142ym komentatorem do spraw sprz\u0119tu narciarskiego &#8211; \u0141ukasz Szelecki. Magazyn b\u0119dzie trwa\u0142 kilkana\u015bcie minut, w trakcie kt\u00f3rych \u0141ukasz Starowieyski przedstawi reporta\u017ce z tras narciarskich, pogod\u0119 na stokach, porady sprz\u0119towe i dotycz\u0105ce nauki jazdy na nartach.<\/p>\n<p>W ka\u017cdym programie b\u0119dzie r\u00f3wnie\u017c &#8222;Gwiazda na nartach&#8221;, czyli rozmowa z osob\u0105 znan\u0105 i lubian\u0105 o pasji narciarskiej &#8211; w premierowym wydaniu audycji go\u015bciem b\u0119dzie Robert Korzeniowski, by\u0142y lekkoatleta, a obecnie szef redakcji sportowej w TVP.<\/p>\n<p>&#8222;Stok&#8221; na antenie Radia Tok FM emitowany b\u0119dzie w ka\u017cdy czwartek, przez ca\u0142y sezon, czyli trzy miesi\u0105ce, o godzinie 10.05.<\/p>\n","protected":false},"excerpt":{"rendered":"Na antenie Radia Tok FM pojawi\u0142 si\u0119 nowy magazyn wieczorny &#8222;Na falach \u015bwiata&#8221; po\u015bwi\u0119cony stosunkom mi\u0119dzynarodowym, kt\u00f3ry prowadz\u0105 Agnieszka Lichnerowicz i Patrycja Wanat. Z kolei od przysz\u0142ego czwartku rusza nowy magazyn sportowy &#8222;Stok&#8221; o narciarstwie.","protected":false},"author":1,"featured_media":85200,"comment_status":"open","ping_status":"closed","sticky":false,"template":"","format":"standard","meta":{"csco_display_header_overlay":false,"csco_singular_sidebar":"","csco_page_header_type":"","csco_page_load_nextpost":"","csco_post_video_location":[],"csco_post_video_location_hash":"","csco_post_video_url":"","csco_post_video_bg_start_time":0,"csco_post_video_bg_end_time":0,"footnotes":""},"categories":[9672],"tags":[],"class_list":{"0":"post-85199","1":"post","2":"type-post","3":"status-publish","4":"format-standard","5":"has-post-thumbnail","7":"category-radio","8":"cs-entry","9":"cs-video-wrap"},"_links":{"self":[{"href":"https:\/\/mediarun.com\/pl\/wp-json\/wp\/v2\/posts\/85199","targetHints":{"allow":["GET"]}}],"collection":[{"href":"https:\/\/mediarun.com\/pl\/wp-json\/wp\/v2\/posts"}],"about":[{"href":"https:\/\/mediarun.com\/pl\/wp-json\/wp\/v2\/types\/post"}],"author":[{"embeddable":true,"href":"https:\/\/mediarun.com\/pl\/wp-json\/wp\/v2\/users\/1"}],"replies":[{"embeddable":true,"href":"https:\/\/mediarun.com\/pl\/wp-json\/wp\/v2\/comments?post=85199"}],"version-history":[{"count":0,"href":"https:\/\/mediarun.com\/pl\/wp-json\/wp\/v2\/posts\/85199\/revisions"}],"wp:featuredmedia":[{"embeddable":true,"href":"https:\/\/mediarun.com\/pl\/wp-json\/wp\/v2\/media\/85200"}],"wp:attachment":[{"href":"https:\/\/mediarun.com\/pl\/wp-json\/wp\/v2\/media?parent=85199"}],"wp:term":[{"taxonomy":"category","embeddable":true,"href":"https:\/\/mediarun.com\/pl\/wp-json\/wp\/v2\/categories?post=85199"},{"taxonomy":"post_tag","embeddable":true,"href":"https:\/\/mediarun.com\/pl\/wp-json\/wp\/v2\/tags?post=85199"}],"curies":[{"name":"wp","href":"https:\/\/api.w.org\/{rel}","templated":true}]}}