{"id":85190,"date":"2005-11-17T19:56:01","date_gmt":"2005-11-17T18:56:01","guid":{"rendered":"https:\/\/mediarun.com\/index.php\/news-posts\/politspece-i-czarny-pr-w-czolowce\/"},"modified":"2005-11-17T19:56:01","modified_gmt":"2005-11-17T18:56:01","slug":"politspece-i-czarny-pr-w-czolowce","status":"publish","type":"post","link":"https:\/\/mediarun.com\/pl\/trendy\/branding\/politspece-i-czarny-pr-w-czolowce.html","title":{"rendered":"Politspece i czarny PR w czo\u0142\u00f3wce"},"content":{"rendered":"<p>Pa\u017adziernikowe badanie o bran\u017cy PR obj\u0119\u0142o 103 materia\u0142y. 26 z nich dotyczy\u0142o marketingu politycznego, na drugim miejscu z liczb\u0105 16 publikacji plasuje si\u0119 czarny PR. Pierwszy temat poruszany by\u0142 w zwi\u0105zku z drug\u0105 tur\u0105 wybor\u00f3w prezydenckich i kampanii wizerunkowych kandydat\u00f3w na prezydenta, drugi &#8211; w kontek\u015bcie pr\u00f3by wykorzystania przez sztab wyborczy Lecha Kaczy\u0144skiego informacji na temat rodziny Donalda Tuska w celu jego dyskredytacji. Oko\u0142o 60% przeanalizowanych przekaz\u00f3w mia\u0142o charakter neutralny. Najwi\u0119cej negatywnych materia\u0142\u00f3w prasowych dotyczy\u0142o czarnego PR-u, natomiast publikacje o wyd\u017awi\u0119ku pozytywnym najcz\u0119\u015bciej by\u0142y po\u015bwi\u0119cone narz\u0119dziom public relations i PR-owi Polski. <\/p>\n<p>Najwi\u0119cej informacji o public relations publikowa\u0142y media o profilu informacyjnym (64% przekaz\u00f3w) oraz po\u015bwi\u0119cone tematyce biznesowej (14,5%). W\u015br\u00f3d medi\u00f3w najcz\u0119\u015bciej poruszaj\u0105cych tematyk\u0119 PR na pierwszym miejscu znajduj\u0105 si\u0119 Radio PiN i Puls Biznesu z odpowiednio 8 i 7 artyku\u0142ami zwi\u0105zanymi z PR. Wi\u0119kszo\u015b\u0107 publikacji dotycz\u0105cych public relations mia\u0142a zasi\u0119g og\u00f3lnopolski 85%, tylko 15 % z nich zosta\u0142o opublikowanych w mediach lokalnych.<\/p>\n<p>W pa\u017adzierniku ukaza\u0142y si\u0119 174 publikacje cytuj\u0105ce lub wzmiankuj\u0105ce osoby i firmy<br \/>\nw kontek\u015bcie PR. Cz\u0119\u015b\u0107 tych przekaz\u00f3w nie jest w ca\u0142o\u015bci po\u015bwi\u0119cona public relations, dlatego ich liczba jest inna ni\u017c suma publikacji dotycz\u0105cych bran\u017cy PR. Spo\u015br\u00f3d os\u00f3b najcz\u0119\u015bciej cytowanych wyr\u00f3\u017cniaj\u0105 si\u0119 Adam \u0141aszyn, Pawe\u0142 Trochimiuk i Wies\u0142aw Ga\u0142\u0105zka (tabela nr 1). W\u015br\u00f3d najcz\u0119\u015bciej cytowanych\/wzmiankowanych w kontek\u015bcie PR firm, organizacji i instytucji prym wiedzie PSPR (4 publikacje). Natomiast w przypadku agencji PR, pierwsze miejsce zaj\u0119\u0142a agencja TBWA\\PR, cytowana w 8 publikacjach. <\/p>\n<p>Raport na temat wizerunku bran\u017cy public relations w mediach powstaje dzi\u0119ki wsp\u00f3\u0142pracy<br \/>\nz Instytutem Monitorowania Medi\u00f3w (www.instytut.com.pl).<\/p>\n<p>W ka\u017cdym miesi\u0105cu analizowane s\u0105 wszystkie przekazy prasowe, telewizyjne i radiowe monitorowane przez Instytut Monitorowania Medi\u00f3w, w kt\u00f3rych umieszczone s\u0105 informacje: o bran\u017cy PR jako ca\u0142o\u015bci, o zmianach w bran\u017cy, o dzia\u0142alno\u015bci stowarzysze\u0144 lub zwi\u0105zk\u00f3w firm PR, o akcjach PR na du\u017c\u0105 skal\u0119, przekazy dotycz\u0105ce dzia\u0142\u00f3w nauki i praktyki PR oraz narz\u0119dzi PR, o publikacjach lub imprezach zwi\u0105zanych z PR oraz opisuj\u0105ce proces kreowania wizerunku przez r\u00f3\u017cne grupy spo\u0142eczne. Dodatkowo przekazy monitorowane s\u0105 pod k\u0105tem wypowiedzi os\u00f3b oraz wzmianek na temat firm, instytucji czy organizacji w kontek\u015bcie PR.<\/p>\n","protected":false},"excerpt":{"rendered":"Marketing polityczny i czarny PR by\u0142y najpopularniejszymi tematami publikacji dotycz\u0105cych bran\u017cy public relations w pa\u017adzierniku &#8211; wynika z najnowszego raportu PRoto. W\u015br\u00f3d ca\u0142kowitej liczby 103 materia\u0142\u00f3w a\u017c 26 zosta\u0142o po\u015bwi\u0119conych marketingowi politycznemu, a 16 czarnemu PR-owi. Trzecim tematem pod wzgl\u0119dem ilo\u015bci przekaz\u00f3w by\u0142y narz\u0119dzia public relations z liczb\u0105 13 publikacji.","protected":false},"author":1,"featured_media":0,"comment_status":"open","ping_status":"closed","sticky":false,"template":"","format":"standard","meta":{"csco_display_header_overlay":false,"csco_singular_sidebar":"","csco_page_header_type":"","csco_page_load_nextpost":"","csco_post_video_location":[],"csco_post_video_location_hash":"","csco_post_video_url":"","csco_post_video_bg_start_time":0,"csco_post_video_bg_end_time":0,"footnotes":""},"categories":[9658],"tags":[],"class_list":{"0":"post-85190","1":"post","2":"type-post","3":"status-publish","4":"format-standard","6":"category-branding","7":"cs-entry","8":"cs-video-wrap"},"_links":{"self":[{"href":"https:\/\/mediarun.com\/pl\/wp-json\/wp\/v2\/posts\/85190","targetHints":{"allow":["GET"]}}],"collection":[{"href":"https:\/\/mediarun.com\/pl\/wp-json\/wp\/v2\/posts"}],"about":[{"href":"https:\/\/mediarun.com\/pl\/wp-json\/wp\/v2\/types\/post"}],"author":[{"embeddable":true,"href":"https:\/\/mediarun.com\/pl\/wp-json\/wp\/v2\/users\/1"}],"replies":[{"embeddable":true,"href":"https:\/\/mediarun.com\/pl\/wp-json\/wp\/v2\/comments?post=85190"}],"version-history":[{"count":0,"href":"https:\/\/mediarun.com\/pl\/wp-json\/wp\/v2\/posts\/85190\/revisions"}],"wp:attachment":[{"href":"https:\/\/mediarun.com\/pl\/wp-json\/wp\/v2\/media?parent=85190"}],"wp:term":[{"taxonomy":"category","embeddable":true,"href":"https:\/\/mediarun.com\/pl\/wp-json\/wp\/v2\/categories?post=85190"},{"taxonomy":"post_tag","embeddable":true,"href":"https:\/\/mediarun.com\/pl\/wp-json\/wp\/v2\/tags?post=85190"}],"curies":[{"name":"wp","href":"https:\/\/api.w.org\/{rel}","templated":true}]}}