{"id":85185,"date":"2005-11-17T20:17:49","date_gmt":"2005-11-17T19:17:49","guid":{"rendered":"https:\/\/mediarun.com\/index.php\/news-posts\/fotoplastikon-w-dwojce\/"},"modified":"2005-11-17T20:17:49","modified_gmt":"2005-11-17T19:17:49","slug":"fotoplastikon-w-dwojce","status":"publish","type":"post","link":"https:\/\/mediarun.com\/pl\/media\/tv\/fotoplastikon-w-dwojce.html","title":{"rendered":"&#8222;Fotoplastikon&#8220; w Dw\u00f3jce"},"content":{"rendered":"<p>Akcja sze\u015bciu kr\u00f3tkich nowel rozgrywa si\u0119 w jednym miejscu, w kamienicy przy ul. Jagiello\u0144skiej \/dawniej &#8211; Turnerstrasse\/ w mie\u015bcie w zachodniej Polsce. Rozpoczyna si\u0119 w roku 1919, i przez 1942,1951,1977,1995 ko\u0144czy w 2005. Bohaterowie ka\u017cdej z nowel, nie znaj\u0105cy si\u0119 nawzajem, \u017cyj\u0105 w szcz\u0119\u015bliwych zwi\u0105zkach &#8211; jednak tylko pozornie. Pojawienie si\u0119 niespodziewanego go\u015bcia ujawnia ten problem i pozwala go nazwa\u0107. Autor ukazuje bohater\u00f3w w momentach kluczowych dla przysz\u0142o\u015bci zwi\u0105zku. Ka\u017cda z historii mog\u0142aby by\u0107 fragmentem osobnego filmu, jednak wszystkie razem tworz\u0105 zamkni\u0119t\u0105, sp\u00f3jn\u0105 ca\u0142o\u015b\u0107. <\/p>\n<p>&#8211; Autor prowokuje do refleksji nad dylematami prostych, pozornie niczym nie wyr\u00f3\u017cniaj\u0105cych si\u0119 ludzi, cichych uczestnik\u00f3w Historii przez du\u017ce H. &#8211; m\u00f3wi re\u017cyser sztuki Piotr \u0141azarkiewicz. &#8211; Dooko\u0142a opisywanych zdarze\u0144 tocz\u0105 si\u0119 wielkie procesy dziejowe, zmienia si\u0119 \u015bwiat, polityka. A lokatorzy kamienicy pr\u00f3buj\u0105 szuka\u0107 harmonii swojego \u015bwiata. Ci\u0105gle od nowa. Bez ko\u0144ca&#8230; <\/p>\n<p>Autorem &#8222;Fotoplastikonu&#8220; jest Krzysztof Bizio, dramaturg za Szczecina, autor sztuk &#8222;Porozmawiajmy o \u017cyciu i \u015bmierci&#8221;, &#8222;Toksyny&#8221;, &#8222;Lament&#8221;, &#8222;\u015amieci&#8221;, &#8222;Sitcom&#8221;. Jego dramaty s\u0105 wystawiane na kameralnych scenach Szczecina, \u0141odzi, Poznania, Warszawy, Gda\u0144ska i Radomia. Tw\u00f3rczo\u015b\u0107 Bizia jest silnie osadzona w polskiej rzeczywisto\u015bci; sam autor jest dzi\u015b jedn\u0105 z najwa\u017cniejszych postaci nowej, m\u0142odej polskiej dramaturgii. <\/p>\n<p>&#8222;Fotoplastikon&#8220;: scenariusz &#8211; Krzysztof Bizio, re\u017cyseria &#8211; Piotr \u0141azarkiewicz, zdj\u0119cia: Wojciech Todorow; muzyka: Antoni \u0141azarkiewicz; scenografia i kostiumy: Katarzyna Soba\u0144ska; monta\u017c: Daniel Soko\u0142owski; d\u017awi\u0119k: Jacek Hamela, Artur Kuczkowski; efekty specjalne: Grzegorz Rogala; producent: TVP S.A.; producent wykonawczy: mediabrigade Wroc\u0142aw. <\/p>\n<p>Wyst\u0119puj\u0105: Marta Chodorowska, Karolina Dryzner, Dorota Kolak, Maria Peszek, Maria Seweryn, Wojciech Brzezi\u0144ski, Arkadiusz Buszko, Redbad Klynstra, Wies\u0142aw Komasa, Tomasz Korczyk, Lech \u0141otocki, Rafa\u0142 Ma\u0107kowiak, Rafa\u0142 Mohr, Dariusz Toczek, Robert Wi\u0119ckiewicz, Adam Woronowicz. <\/p>\n<p>Emisja: TVP 2, 27 listopada 2005r, godzina 23:15<\/p>\n","protected":false},"excerpt":{"rendered":"W niedziel\u0119 27 listopada Studio Teatralne &#8222;Dw\u00f3jki&#8220; przedstawi &#8222;Fotoplastikon&#8220;, sztuk\u0119 jednego z czo\u0142owych m\u0142odych polskich dramaturg\u00f3w, Krzysztofa Bizio. W &#8222;Fotoplastikonie&#8220; zobaczymy tak\u017ce znanych m\u0142odych aktor\u00f3w, m.in. Mari\u0119 Peszek, Redbada Klynstr\u0119, Mari\u0119 Seweryn i Rafa\u0142a Mohra. Re\u017cyserem spektaklu jest Piotr \u0141azarkiewicz.","protected":false},"author":1,"featured_media":85186,"comment_status":"open","ping_status":"closed","sticky":false,"template":"","format":"standard","meta":{"csco_display_header_overlay":false,"csco_singular_sidebar":"","csco_page_header_type":"","csco_page_load_nextpost":"","csco_post_video_location":[],"csco_post_video_location_hash":"","csco_post_video_url":"","csco_post_video_bg_start_time":0,"csco_post_video_bg_end_time":0,"footnotes":""},"categories":[9670],"tags":[],"class_list":{"0":"post-85185","1":"post","2":"type-post","3":"status-publish","4":"format-standard","5":"has-post-thumbnail","7":"category-tv","8":"cs-entry","9":"cs-video-wrap"},"_links":{"self":[{"href":"https:\/\/mediarun.com\/pl\/wp-json\/wp\/v2\/posts\/85185","targetHints":{"allow":["GET"]}}],"collection":[{"href":"https:\/\/mediarun.com\/pl\/wp-json\/wp\/v2\/posts"}],"about":[{"href":"https:\/\/mediarun.com\/pl\/wp-json\/wp\/v2\/types\/post"}],"author":[{"embeddable":true,"href":"https:\/\/mediarun.com\/pl\/wp-json\/wp\/v2\/users\/1"}],"replies":[{"embeddable":true,"href":"https:\/\/mediarun.com\/pl\/wp-json\/wp\/v2\/comments?post=85185"}],"version-history":[{"count":0,"href":"https:\/\/mediarun.com\/pl\/wp-json\/wp\/v2\/posts\/85185\/revisions"}],"wp:featuredmedia":[{"embeddable":true,"href":"https:\/\/mediarun.com\/pl\/wp-json\/wp\/v2\/media\/85186"}],"wp:attachment":[{"href":"https:\/\/mediarun.com\/pl\/wp-json\/wp\/v2\/media?parent=85185"}],"wp:term":[{"taxonomy":"category","embeddable":true,"href":"https:\/\/mediarun.com\/pl\/wp-json\/wp\/v2\/categories?post=85185"},{"taxonomy":"post_tag","embeddable":true,"href":"https:\/\/mediarun.com\/pl\/wp-json\/wp\/v2\/tags?post=85185"}],"curies":[{"name":"wp","href":"https:\/\/api.w.org\/{rel}","templated":true}]}}