{"id":85180,"date":"2005-11-17T20:24:14","date_gmt":"2005-11-17T19:24:14","guid":{"rendered":"https:\/\/mediarun.com\/index.php\/news-posts\/nowy-prowadzacy-w-tvn-style\/"},"modified":"2005-11-17T20:24:14","modified_gmt":"2005-11-17T19:24:14","slug":"nowy-prowadzacy-w-tvn-style","status":"publish","type":"post","link":"https:\/\/mediarun.com\/pl\/media\/tv\/nowy-prowadzacy-w-tvn-style.html","title":{"rendered":"Nowy prowadz\u0105cy w TVN Style"},"content":{"rendered":"<p>Nowy gospodarz &#8222;Polski od kuchni&#8221; ostatnio pe\u0142ni\u0142 funkcj\u0119 managera w warszawskim klubie Cynamon, prowadzi\u0142 tak\u017ce jeden z o\u015brodk\u00f3w szkoleniowych pod Warszaw\u0105. Od niedawna jest tak\u017ce w\u0142a\u015bcicielem w\u0142oskiego bistro &#8222;Il baretto&#8221; w Warszawie.<\/p>\n<p>&#8222;Gotowa\u0142em od dziecka. Za wz\u00f3r mia\u0142em swoj\u0105 babci\u0119 i mam\u0119. Mo\u017cna powiedzie\u0107, \u017ce to w\u0142a\u015bnie babcia z mam\u0105, kt\u00f3re maj\u0105 niezwyk\u0142y talent kulinarny wzbudzi\u0142y we mnie zainteresowanie kuchni\u0105. Dzisiaj gotowanie jest moim hobby&#8221; &#8211; powiedzia\u0142 Mrowiec.<\/p>\n<p>Program &#8222;Polska od kuchni&#8221; nale\u017cy do cykli program\u00f3w kulinarnych przedstawiaj\u0105cych dania kuchni polskiej. Swoim klimatem r\u00f3\u017cni si\u0119 od tradycyjnej formu\u0142y &#8222;gotowania na ekranie&#8221;.  W poszukiwaniu narodowych specja\u0142\u00f3w oraz miejscowych obyczaj\u00f3w ekipa programu wybiera si\u0119 w najr\u00f3\u017cniejsze i najpi\u0119kniejsze miejsca Polski. Prowadz\u0105cy komponuje regionalne potrawy w naturalnych wn\u0119trzach o u unikalnym klimacie pod okiem prawdziwych mistrz\u00f3w kuchni regionalnej. Program emitowany jest na antenie TVN Style  od wrze\u015bnia tego roku. <\/p>\n<p>Premierowe odcinki programu &#8222;Polska od kuchni&#8221; z udzia\u0142em Ma\u0107ka Mrowca maj\u0105 miejsce w sobot\u0119 o godzinie 13:30. (powt\u00f3rki w niedziele o 11:00 i 17:00, w poniedzia\u0142ki o 20:00, w \u015brody o 15:30 i 19:00,<br \/>\nw czwartki o 16:00, w pi\u0105tki o godz. 13:00 i 18:00)<br \/>\nProgram jest dost\u0119pny przez sieci kablowe i platformy cyfrowe.<\/p>\n","protected":false},"excerpt":{"rendered":"Od 19 listopada program &#8222;Polska od kuchni&#8221; b\u0119dzie mia\u0142 nowego prowadz\u0105cego. Prowadz\u0105c\u0105 do tej pory program Aleksandr\u0119 Majewsk\u0105 zast\u0105pi &#8211; Maciej Mrowiec. Maciej zdobywa\u0142 swoje do\u015bwiadczenie kulinarne w Sydney, w Australii gdzie uczy\u0142 si\u0119 pod okiem tamtejszego szefa kuchni","protected":false},"author":1,"featured_media":85181,"comment_status":"open","ping_status":"closed","sticky":false,"template":"","format":"standard","meta":{"csco_display_header_overlay":false,"csco_singular_sidebar":"","csco_page_header_type":"","csco_page_load_nextpost":"","csco_post_video_location":[],"csco_post_video_location_hash":"","csco_post_video_url":"","csco_post_video_bg_start_time":0,"csco_post_video_bg_end_time":0,"footnotes":""},"categories":[9670],"tags":[],"class_list":{"0":"post-85180","1":"post","2":"type-post","3":"status-publish","4":"format-standard","5":"has-post-thumbnail","7":"category-tv","8":"cs-entry","9":"cs-video-wrap"},"_links":{"self":[{"href":"https:\/\/mediarun.com\/pl\/wp-json\/wp\/v2\/posts\/85180","targetHints":{"allow":["GET"]}}],"collection":[{"href":"https:\/\/mediarun.com\/pl\/wp-json\/wp\/v2\/posts"}],"about":[{"href":"https:\/\/mediarun.com\/pl\/wp-json\/wp\/v2\/types\/post"}],"author":[{"embeddable":true,"href":"https:\/\/mediarun.com\/pl\/wp-json\/wp\/v2\/users\/1"}],"replies":[{"embeddable":true,"href":"https:\/\/mediarun.com\/pl\/wp-json\/wp\/v2\/comments?post=85180"}],"version-history":[{"count":0,"href":"https:\/\/mediarun.com\/pl\/wp-json\/wp\/v2\/posts\/85180\/revisions"}],"wp:featuredmedia":[{"embeddable":true,"href":"https:\/\/mediarun.com\/pl\/wp-json\/wp\/v2\/media\/85181"}],"wp:attachment":[{"href":"https:\/\/mediarun.com\/pl\/wp-json\/wp\/v2\/media?parent=85180"}],"wp:term":[{"taxonomy":"category","embeddable":true,"href":"https:\/\/mediarun.com\/pl\/wp-json\/wp\/v2\/categories?post=85180"},{"taxonomy":"post_tag","embeddable":true,"href":"https:\/\/mediarun.com\/pl\/wp-json\/wp\/v2\/tags?post=85180"}],"curies":[{"name":"wp","href":"https:\/\/api.w.org\/{rel}","templated":true}]}}