{"id":85169,"date":"2005-11-18T03:08:07","date_gmt":"2005-11-18T02:08:07","guid":{"rendered":"https:\/\/mediarun.com\/index.php\/news-posts\/trwa-wojna-o-ere\/"},"modified":"2005-11-18T03:08:07","modified_gmt":"2005-11-18T02:08:07","slug":"trwa-wojna-o-ere","status":"publish","type":"post","link":"https:\/\/mediarun.com\/pl\/media\/prasa\/trwa-wojna-o-ere.html","title":{"rendered":"Trwa wojna o Er\u0119"},"content":{"rendered":"<p>&#8211; W\u0142adze ET \u017c\u0105daj\u0105 przywr\u00f3cenia rady nadzorczej i zarz\u0105du Polskiej Telefonii Cyfrowej zgodnie ze stanem z pocz\u0105tku tego roku. Podstaw\u0105 jest poniedzia\u0142kowe przywr\u00f3cenie w Krajowym Rejestrze S\u0105dowym zapisu o posiadaniu przez ET 48 proc. udzia\u0142\u00f3w w operatorze sieci Era i Heyah. Je\u017celi to si\u0119 uda, planuj\u0105 zwo\u0142anie zgromadzenia akcjonariuszy i nie wykluczaj\u0105 wy\u0142onienia nowych w\u0142adz sp\u00f3\u0142ki. &#8211; donosi &#8222;Rzeczpospolita&#8221;<\/p>\n<p> Trybuna\u0142 Arbitra\u017cowy jednoznacznie rozstrzygn\u0105\u0142, i\u017c Elektrim by\u0142 i pozostaje w\u0142a\u015bcicielem 48 proc. udzia\u0142\u00f3w w PTC &#8211; napisa\u0142a w komunikacie sp\u00f3\u0142ki Ewa Bojar, rzecznik Elektrimu. Stanowisko to podzielaj\u0105 w\u0142adze Deutsche Telekom. &#8211; Decyzja S\u0105du Rejestrowego nic nie m\u00f3wi o tym, kto jest w\u0142a\u015bcicielem PTC. Zapis w KRS to tylko deklaracja, kt\u00f3ra nie powoduje \u017cadnego istotnego skutku &#8211; powiedzia\u0142 &#8222;Rz&#8221; Andreas Leigers, rzecznik DT. <\/p>\n","protected":false},"excerpt":{"rendered":"Elektrim nie zamierza rezygnowa\u0107 z w\u0142adzy w Polskiej Telefonii Cyfrowej. Sp\u00f3r wok\u00f3\u0142 najwi\u0119kszego polskiego operatora kom\u00f3rkowego mo\u017ce trwa\u0107 co najmniej do po\u0142owy 2006 r. &#8211; pisze &#8222;Rzeczpospolita&#8221;","protected":false},"author":1,"featured_media":0,"comment_status":"open","ping_status":"closed","sticky":false,"template":"","format":"standard","meta":{"csco_display_header_overlay":false,"csco_singular_sidebar":"","csco_page_header_type":"","csco_page_load_nextpost":"","csco_post_video_location":[],"csco_post_video_location_hash":"","csco_post_video_url":"","csco_post_video_bg_start_time":0,"csco_post_video_bg_end_time":0,"footnotes":""},"categories":[9673],"tags":[],"class_list":{"0":"post-85169","1":"post","2":"type-post","3":"status-publish","4":"format-standard","6":"category-prasa","7":"cs-entry","8":"cs-video-wrap"},"_links":{"self":[{"href":"https:\/\/mediarun.com\/pl\/wp-json\/wp\/v2\/posts\/85169","targetHints":{"allow":["GET"]}}],"collection":[{"href":"https:\/\/mediarun.com\/pl\/wp-json\/wp\/v2\/posts"}],"about":[{"href":"https:\/\/mediarun.com\/pl\/wp-json\/wp\/v2\/types\/post"}],"author":[{"embeddable":true,"href":"https:\/\/mediarun.com\/pl\/wp-json\/wp\/v2\/users\/1"}],"replies":[{"embeddable":true,"href":"https:\/\/mediarun.com\/pl\/wp-json\/wp\/v2\/comments?post=85169"}],"version-history":[{"count":0,"href":"https:\/\/mediarun.com\/pl\/wp-json\/wp\/v2\/posts\/85169\/revisions"}],"wp:attachment":[{"href":"https:\/\/mediarun.com\/pl\/wp-json\/wp\/v2\/media?parent=85169"}],"wp:term":[{"taxonomy":"category","embeddable":true,"href":"https:\/\/mediarun.com\/pl\/wp-json\/wp\/v2\/categories?post=85169"},{"taxonomy":"post_tag","embeddable":true,"href":"https:\/\/mediarun.com\/pl\/wp-json\/wp\/v2\/tags?post=85169"}],"curies":[{"name":"wp","href":"https:\/\/api.w.org\/{rel}","templated":true}]}}