{"id":85168,"date":"2005-11-18T03:10:02","date_gmt":"2005-11-18T02:10:02","guid":{"rendered":"https:\/\/mediarun.com\/index.php\/news-posts\/spor-wydawcow-gazet-lokalnych\/"},"modified":"2005-11-18T03:10:02","modified_gmt":"2005-11-18T02:10:02","slug":"spor-wydawcow-gazet-lokalnych","status":"publish","type":"post","link":"https:\/\/mediarun.com\/pl\/media\/prasa\/spor-wydawcow-gazet-lokalnych.html","title":{"rendered":"Sp\u00f3r wydawc\u00f3w gazet lokalnych"},"content":{"rendered":"<p>&#8211; Super Tydzie\u0144 Che\u0142mski&#8221; ukazuje si\u0119 na terenie trzech powiat\u00f3w: che\u0142mskiego, w\u0142odawskiego i krasnostawskiego, od 2001 r. W grudniu 2002 r. jego wydawc\u0105 zosta\u0142a Podlaska Oficyna Wydawnicza &#8222;S\u0142owo Podlasia&#8221; (obecnie po przekszta\u0142ceniach Grupa Wydawnicza S\u0142owo). &#8211; czytamy w &#8222;Rz&#8221;<\/p>\n<p>&#8211; 26 sierpnia tego roku, grupa dziennikarzy i szefowa marketingu z\u0142o\u017cyli wypowiedzenia um\u00f3w o prac\u0119.  Trzy dni p\u00f3\u017aniej na rynku pojawi\u0142 si\u0119 &#8222;Nowy Tydzie\u0144 Che\u0142mski&#8221;. Jej wydawc\u0105 zosta\u0142a sp\u00f3\u0142ka NST, a redakcj\u0119 stworzyli byli dziennikarze &#8222;STCh&#8221;. Wydawca &#8222;STCh&#8221; uwa\u017ca, \u017ce dopu\u015bcili si\u0119 oni nieuczciwej konkurencji, \u017ce przyw\u0142aszczyli niekt\u00f3re teksty i reklamy, zdezorganizowali prac\u0119 redakcji i doprowadzili do tego, \u017ce numer ukaza\u0142 si\u0119 z op\u00f3\u017anieniem. Zarzuca te\u017c konkurencji na\u015bladownictwo winiety, szaty graficznej i prowadzenie dzia\u0142a\u0144 promocyjnych wprowadzaj\u0105cych w b\u0142\u0105d czytelnik\u00f3w i reklamodawc\u00f3w. Na ulotkach promuj\u0105cych now\u0105 gazet\u0119, a tak\u017ce w artykule umieszczonym w gazecie znalaz\u0142o si\u0119 has\u0142o: &#8222;Zmieniamy gazet\u0119 na &#8222;Nowy Tydzie\u0144 Che\u0142mski&#8221;, bo dotrzymujemy s\u0142owa. Byli dziennikarze &#8222;Super Tygodnia Che\u0142mskiego&#8221;&#8221;. To wed\u0142ug Grupy Wydawniczej S\u0142owo wywo\u0142a\u0142o przekonanie, \u017ce &#8222;NTCh&#8221; zast\u0105pi\u0142 dotychczas wydawany &#8222;STCh&#8221;, tym bardziej \u017ce jest redagowany i wydawany przez te same osoby. Wskutek tych dzia\u0142a\u0144 we wrze\u015bniu sprzeda\u017c &#8222;STCh&#8221; spad\u0142a o 5,5 tys. egz., a przychody o ok. 50 tys. z\u0142. &#8211; informuje &#8222;Rzeczpospolita&#8221;<\/p>\n","protected":false},"excerpt":{"rendered":"S\u0105d Okr\u0119gowy w Lublinie zakaza\u0142 che\u0142mskiej sp\u00f3\u0142ce NST wydawania &#8222;Nowego Tygodnia Che\u0142mskiego&#8221; do czasu zako\u0144czenia procesu. Z wnioskiem wyst\u0105pi\u0142a Grupa Wydawnicza S\u0142owo, wydawca konkurencyjnego tygodnika &#8222;Super Tydzie\u0144 Che\u0142mski&#8221;. &#8211; pisze 'Rzeczpospolita&#8221;","protected":false},"author":1,"featured_media":0,"comment_status":"open","ping_status":"closed","sticky":false,"template":"","format":"standard","meta":{"csco_display_header_overlay":false,"csco_singular_sidebar":"","csco_page_header_type":"","csco_page_load_nextpost":"","csco_post_video_location":[],"csco_post_video_location_hash":"","csco_post_video_url":"","csco_post_video_bg_start_time":0,"csco_post_video_bg_end_time":0,"footnotes":""},"categories":[9673],"tags":[],"class_list":{"0":"post-85168","1":"post","2":"type-post","3":"status-publish","4":"format-standard","6":"category-prasa","7":"cs-entry","8":"cs-video-wrap"},"_links":{"self":[{"href":"https:\/\/mediarun.com\/pl\/wp-json\/wp\/v2\/posts\/85168","targetHints":{"allow":["GET"]}}],"collection":[{"href":"https:\/\/mediarun.com\/pl\/wp-json\/wp\/v2\/posts"}],"about":[{"href":"https:\/\/mediarun.com\/pl\/wp-json\/wp\/v2\/types\/post"}],"author":[{"embeddable":true,"href":"https:\/\/mediarun.com\/pl\/wp-json\/wp\/v2\/users\/1"}],"replies":[{"embeddable":true,"href":"https:\/\/mediarun.com\/pl\/wp-json\/wp\/v2\/comments?post=85168"}],"version-history":[{"count":0,"href":"https:\/\/mediarun.com\/pl\/wp-json\/wp\/v2\/posts\/85168\/revisions"}],"wp:attachment":[{"href":"https:\/\/mediarun.com\/pl\/wp-json\/wp\/v2\/media?parent=85168"}],"wp:term":[{"taxonomy":"category","embeddable":true,"href":"https:\/\/mediarun.com\/pl\/wp-json\/wp\/v2\/categories?post=85168"},{"taxonomy":"post_tag","embeddable":true,"href":"https:\/\/mediarun.com\/pl\/wp-json\/wp\/v2\/tags?post=85168"}],"curies":[{"name":"wp","href":"https:\/\/api.w.org\/{rel}","templated":true}]}}