{"id":85142,"date":"2005-11-18T06:00:00","date_gmt":"2005-11-18T05:00:00","guid":{"rendered":"https:\/\/mediarun.com\/index.php\/news-posts\/nagrody-mtv-za-rok-w-kopenhadze\/"},"modified":"2005-11-18T06:00:00","modified_gmt":"2005-11-18T05:00:00","slug":"nagrody-mtv-za-rok-w-kopenhadze","status":"publish","type":"post","link":"https:\/\/mediarun.com\/pl\/inne\/nagrody-mtv-za-rok-w-kopenhadze.html","title":{"rendered":"Nagrody MTV za rok w Kopenhadze"},"content":{"rendered":"<p><P>O tym, \u017ce Kopenhaga prawdopodobnie b\u0119dzie organizatorem przysz\u0142orocznej gali, informowa\u0142y w poniedzia\u0142ek du\u0144skie portale internetowe.<\/P><br \/>\n<P>Jak poda\u0142o MTV, Kopenhaga zosta\u0142a wybrana dlatego, \u017ce s\u0142ynie z &#8222;nowatorskich projekt\u00f3w i nowoczesnej architektury&#8221;, a tak\u017ce jest jedn\u0105 z &#8222;najwa\u017cniejszych europejskich stolic muzycznych&#8221;. <\/P><br \/>\n<P>Jak poda\u0142a w czwartek agencja Associated Press, opr\u00f3cz Kopenhagi powa\u017cne szanse na zorganizowanie przysz\u0142orocznej gali mia\u0142y tak\u017ce francuska Marsylia i stolica Islandii, Reykjavik.<\/P><br \/>\n<P>Co roku organizatorem gali jest inne europejskie miasto. Ceremonie odbywa\u0142y si\u0119 m.in. w Rzymie, Edynburgu, Barcelonie, Sztokholmie i Londynie. W tym roku nagrody wr\u0119czono w Lizbonie.<\/P><br \/>\n<P>Polska stara si\u0119 o organizacj\u0119 nagr\u00f3d MTV, jednak, jak podkre\u015bla\u0142a w rozmowie z PAP dyrektor generalna MTV Polska, Izabela Wiley, powa\u017cn\u0105 konkurencj\u0105 dla naszego kraju s\u0105 Praga i Budapeszt.<\/P><\/p>\n","protected":false},"excerpt":{"rendered":"Przysz\u0142oroczna gala wr\u0119czenia Europejskich Nagr\u00f3d Muzycznych MTV odb\u0119dzie si\u0119 w stolicy Danii, Kopenhadze &#8211; potwierdzi\u0142a w czwartek stacja MTV.","protected":false},"author":1,"featured_media":85143,"comment_status":"open","ping_status":"closed","sticky":false,"template":"","format":"standard","meta":{"csco_display_header_overlay":false,"csco_singular_sidebar":"","csco_page_header_type":"","csco_page_load_nextpost":"","csco_post_video_location":[],"csco_post_video_location_hash":"","csco_post_video_url":"","csco_post_video_bg_start_time":0,"csco_post_video_bg_end_time":0,"footnotes":""},"categories":[47],"tags":[],"class_list":{"0":"post-85142","1":"post","2":"type-post","3":"status-publish","4":"format-standard","5":"has-post-thumbnail","7":"category-inne","8":"cs-entry","9":"cs-video-wrap"},"_links":{"self":[{"href":"https:\/\/mediarun.com\/pl\/wp-json\/wp\/v2\/posts\/85142","targetHints":{"allow":["GET"]}}],"collection":[{"href":"https:\/\/mediarun.com\/pl\/wp-json\/wp\/v2\/posts"}],"about":[{"href":"https:\/\/mediarun.com\/pl\/wp-json\/wp\/v2\/types\/post"}],"author":[{"embeddable":true,"href":"https:\/\/mediarun.com\/pl\/wp-json\/wp\/v2\/users\/1"}],"replies":[{"embeddable":true,"href":"https:\/\/mediarun.com\/pl\/wp-json\/wp\/v2\/comments?post=85142"}],"version-history":[{"count":0,"href":"https:\/\/mediarun.com\/pl\/wp-json\/wp\/v2\/posts\/85142\/revisions"}],"wp:featuredmedia":[{"embeddable":true,"href":"https:\/\/mediarun.com\/pl\/wp-json\/wp\/v2\/media\/85143"}],"wp:attachment":[{"href":"https:\/\/mediarun.com\/pl\/wp-json\/wp\/v2\/media?parent=85142"}],"wp:term":[{"taxonomy":"category","embeddable":true,"href":"https:\/\/mediarun.com\/pl\/wp-json\/wp\/v2\/categories?post=85142"},{"taxonomy":"post_tag","embeddable":true,"href":"https:\/\/mediarun.com\/pl\/wp-json\/wp\/v2\/tags?post=85142"}],"curies":[{"name":"wp","href":"https:\/\/api.w.org\/{rel}","templated":true}]}}