{"id":85126,"date":"2005-11-18T16:07:57","date_gmt":"2005-11-18T15:07:57","guid":{"rendered":"https:\/\/mediarun.com\/index.php\/news-posts\/raport-otwarcia-z-jedynka\/"},"modified":"2005-11-18T16:07:57","modified_gmt":"2005-11-18T15:07:57","slug":"raport-otwarcia-z-jedynka","status":"publish","type":"post","link":"https:\/\/mediarun.com\/pl\/media\/radio\/raport-otwarcia-z-jedynka.html","title":{"rendered":"&#8222;Raport otwarcia&#8221; z Jedynk\u0105"},"content":{"rendered":"<p>Konferencja prasowa zatytu\u0142owana &#8222;Raport otwarcia &#8211; w jakim stanie nowy rz\u0105d przyjmuje pa\u0144stwo&#8221;, odb\u0119dzie si\u0119 w poniedzia\u0142ek o godzinie 10 w Centrum Multimedialnym.<\/p>\n<p>Podczas konferencji g\u0142os zabior\u0105: premier Kazimierz Marcinkiewicz, marsza\u0142ek sejmu Marek Jurek, minister skarbu pa\u0144stwa Andrzej Mikosz oraz cz\u0142onkowie Centrum im. A. Smitha: Andrzej Sadowski, Cezary Ka\u017amierczak, Ireneusz Jab\u0142o\u0144ski i Robert Jab\u0142o\u0144ski (CAS). Dyskusj\u0119 poprowadzi Tomasz Wr\u00f3blewski, redaktor naczelny tygodnika &#8222;Newsweek Polska&#8221;.<\/p>\n<p>Radiowa Jedynka w poniedzia\u0142ek w porannych &#8222;Sygna\u0142ach dnia&#8221; zapowie t\u0119 konferencj\u0119. Relacji z tego wydarzenia pos\u0142ucha\u0107 b\u0119dzie mo\u017cna w magazynach &#8222;Z kraju i ze \u015bwiata&#8221; oraz &#8222;Z pierwszej r\u0119ki&#8221;.<\/p>\n<p>&#8222;Raportowi otwarcia&#8221; patronuj\u0105 r\u00f3wnie\u017c: &#8222;Newsweek&#8221;, &#8222;Forbes&#8221; i Onet.pl.<\/p>\n","protected":false},"excerpt":{"rendered":"Radiowa Jedyna obj\u0119\u0142a patronatem medialnym &#8222;Raportu otwarcia&#8221;, kt\u00f3ry przygotowany zosta\u0142 przez Centrum im. Adama Smitha . Jest on po\u015bwi\u0119cony kluczowym zagadnieniom dotycz\u0105cym spo\u0142ecze\u0144stwa, gospodarki oraz pa\u0144stwa.","protected":false},"author":1,"featured_media":85127,"comment_status":"open","ping_status":"closed","sticky":false,"template":"","format":"standard","meta":{"csco_display_header_overlay":false,"csco_singular_sidebar":"","csco_page_header_type":"","csco_page_load_nextpost":"","csco_post_video_location":[],"csco_post_video_location_hash":"","csco_post_video_url":"","csco_post_video_bg_start_time":0,"csco_post_video_bg_end_time":0,"footnotes":""},"categories":[9672],"tags":[],"class_list":{"0":"post-85126","1":"post","2":"type-post","3":"status-publish","4":"format-standard","5":"has-post-thumbnail","7":"category-radio","8":"cs-entry","9":"cs-video-wrap"},"_links":{"self":[{"href":"https:\/\/mediarun.com\/pl\/wp-json\/wp\/v2\/posts\/85126","targetHints":{"allow":["GET"]}}],"collection":[{"href":"https:\/\/mediarun.com\/pl\/wp-json\/wp\/v2\/posts"}],"about":[{"href":"https:\/\/mediarun.com\/pl\/wp-json\/wp\/v2\/types\/post"}],"author":[{"embeddable":true,"href":"https:\/\/mediarun.com\/pl\/wp-json\/wp\/v2\/users\/1"}],"replies":[{"embeddable":true,"href":"https:\/\/mediarun.com\/pl\/wp-json\/wp\/v2\/comments?post=85126"}],"version-history":[{"count":0,"href":"https:\/\/mediarun.com\/pl\/wp-json\/wp\/v2\/posts\/85126\/revisions"}],"wp:featuredmedia":[{"embeddable":true,"href":"https:\/\/mediarun.com\/pl\/wp-json\/wp\/v2\/media\/85127"}],"wp:attachment":[{"href":"https:\/\/mediarun.com\/pl\/wp-json\/wp\/v2\/media?parent=85126"}],"wp:term":[{"taxonomy":"category","embeddable":true,"href":"https:\/\/mediarun.com\/pl\/wp-json\/wp\/v2\/categories?post=85126"},{"taxonomy":"post_tag","embeddable":true,"href":"https:\/\/mediarun.com\/pl\/wp-json\/wp\/v2\/tags?post=85126"}],"curies":[{"name":"wp","href":"https:\/\/api.w.org\/{rel}","templated":true}]}}