{"id":8512,"date":"2012-02-09T18:56:00","date_gmt":"2012-02-09T17:56:00","guid":{"rendered":"https:\/\/mediarun.com\/index.php\/news-posts\/piec-nowosci-wiosna-w-tvn-wideo\/"},"modified":"2012-02-09T18:56:00","modified_gmt":"2012-02-09T17:56:00","slug":"piec-nowosci-wiosna-w-tvn-wideo","status":"publish","type":"post","link":"https:\/\/mediarun.com\/pl\/media\/tv\/piec-nowosci-wiosna-w-tvn-wideo.html","title":{"rendered":"Pi\u0119\u0107 nowo\u015bci wiosn\u0105 w TVN (wideo)"},"content":{"rendered":"<p>W niedziel\u0119, 4 marca o godz. 21.00 na antenie TVN zadebiutuje nowy serial <strong>&#8222;Prawo Agaty&#8221;<\/strong> z Agnieszk\u0105 Dygant w roli g\u0142&oacute;wnej. Aktorka zagra Agat\u0119 Przybysz &#8211; trzydziestoparoletni\u0105 dyrektor dzia\u0142u prawnego w wielkim koncernie ubezpieczeniowym. Splot nieciekawych zawodowo-osobistych wydarze\u0144 sprawia, \u017ce l\u0105duje ona na bruku. Opr&oacute;cz leczenia ran emocjonalnych, Agata b\u0119dzie musia\u0142a walczy\u0107 o swoje dobre imi\u0119. Po opanowaniu pierwszego szoku, Agata decyduje si\u0119 skorzysta\u0107 z propozycji przyjaci&oacute;\u0142ki &#8211; Doroty. Wraz z ni\u0105 i jej znajomym, wynajmuj\u0105 lokal by zacz\u0105\u0107 pracowa\u0107 na w\u0142asn\u0105 r\u0119k\u0119.<\/p>\n<p>W ka\u017cdym z pi\u0119tnastu odcink&oacute;w &#8222;Prawa Agaty&#8221; widzowie poznaj\u0105 now\u0105 poruszaj\u0105c\u0105, a czasem groteskow\u0105, spraw\u0119, kt&oacute;rej podejmie si\u0119 kancelaria bohater&oacute;w serialu. Problemy ich klient&oacute;w b\u0119d\u0105 si\u0119 cz\u0119sto wi\u0105za\u0107 z tym, co aktualnie prze\u017cywaj\u0105 prywatnie. A przed nimi m.in. zawirowania ma\u0142\u017ce\u0144skie Doroty i jej m\u0119\u017ca Wojtka oraz wyj\u0105tkowo gor\u0105cy tr&oacute;jk\u0105t zawodowo-emocjonalny mecenas Agaty Przybysz, D\u0119bskiego i jego \u017cyciowej partnerki, prokurator Marii Oko\u0144skiej (w tej roli Ma\u0142gorzata Ko\u017cuchowska).<\/p>\n<p>W nowej formule na ekrany telewizor&oacute;w wraca program <strong>&#8222;Szymon na \u017cywo&#8221; <\/strong>(emisja w poniedzia\u0142ki o godz. 21.30 od 5 marca 2012 r.). Program na \u017cywo daje prowadz\u0105cemu zupe\u0142nie nowe mo\u017cliwo\u015bci, jest do b&oacute;lu aktualny i nie da si\u0119 go ocenzurowa\u0107. Nowa formu\u0142a nie wyklucza skeczy, filmik&oacute;w z wypraw w &#8222;w miasto&#8221;. Na przyk\u0142ad Szymon jako trener Cuda wzi\u0105\u0142 sobie na g\u0142ow\u0119 przygotowanie polskiej reprezentacji do wyst\u0119p&oacute;w na Euro 2012. Ulubie\u0144cy z kabaretu pojawi\u0105 si\u0119 jako uczestnicy znanych teleturniej&oacute;w &#8211; Szymon Majewski zaprosi do zabawy &#8222;gor\u0105cych&#8221; w danym tygodniu polityk&oacute;w i celebryt&oacute;w. Nie zabraknie r&oacute;wnie\u017c &#8222;prawdziwych&#8221; go\u015bci, kt&oacute;rych wyst\u0119p nie ograniczy si\u0119 do udzielania odpowiedzi na pytania.<\/p>\n<p>Zaraz po programie &#8222;Szymon na \u017cywo&#8221;, w poniedzia\u0142ek, 5 marca o godz. 22.30, na antenie TVN zadebiutuje nowa propozycja stacji <strong>&#8222;Woli &amp; Tysio na pok\u0142adzie&#8221;<\/strong>. W ka\u017cdym z odcink&oacute;w programu dw&oacute;ch znanych celebryt&oacute;w: fotograf Marcin Tyszka i projektant mody Dawid Woli\u0144ski b\u0119d\u0105 musieli si\u0119 skonfronowa\u0107 z zawodami i miejscami, kt&oacute;re niekoniecznie pasuj\u0105 do ich wizerunku. Wielbiciele metek, perfum i luksusowych hoteli b\u0119d\u0105 spektakularnie zaskakiwanie tym, gdzie zako\u0144cz\u0105 dzie\u0144 lub z kim przyjdzie im dzieli\u0107 sypialni\u0119. Marcin Tyszka i Dawid Woli\u0144ski trafi\u0105 do ma\u0142ych rodzinnych firm, du\u017cych pa\u0144stwowych instytucji oraz wielkich nowoczesnych korporacji. Woli i Tysio b\u0119d\u0105 co rano stawia\u0107 si\u0119 na planie zdj\u0119ciowym i dopiero tam dowiedz\u0105 si\u0119, jakie czeka na nich zadanie. Po zako\u0144czonym dniu pracy b\u0119d\u0105 musieli zosta\u0107 w danym miejscu na noc, by nast\u0119pnego dnia rozpocz\u0105\u0107 prac\u0119 jak ka\u017cdy inny pracownik danego zak\u0142adu.<\/p>\n<p>W niedziel\u0119, 11 marca o godz. 20.00 TVN zaprezentuje kolejn\u0105 nowo\u015b\u0107 &#8211; reality show <strong>&#8222;Surowi rodzice&#8221;<\/strong>. W nowym programie dwoje nastolatk&oacute;w sprawiaj\u0105cych du\u017ce problemy wychowawcze wyjedzie na drugi koniec Polski i zamieszka u innych opiekun&oacute;w. To nie b\u0119d\u0105 udane wakacje z dala od w\u0142asnych rodzic&oacute;w. Nastolatki stan\u0105 si\u0119 pe\u0142noprawnymi cz\u0142onkami nowej rodziny. Nie omin\u0105 ich codzienne obowi\u0105zki i opieka nad m\u0142odszym rodze\u0144stwem. Bezwzgl\u0119dnie musz\u0105 dostosowa\u0107 si\u0119 do regu\u0142 panuj\u0105cych w tymczasowym domu, co b\u0119dzie powodowa\u0142o ci\u0105g\u0142e spi\u0119cia, k\u0142&oacute;tnie, wrzaski i trzaskanie drzwiami. &#8222;Surowi rodzice&#8221; musz\u0105 znale\u017a\u0107 r&oacute;\u017cne sposoby na poskromienie rozkapryszonych nastolatk&oacute;w.<\/p>\n<p>Kolejna propozycja TVN &#8211; <strong>&#8222;Ukryta prawda&#8221;<\/strong>, to serial z gatunku scripted docu w realistyczny spos&oacute;b przedstawiaj\u0105cy historie z \u017cycia wzi\u0119te. Zdarza si\u0119, \u017ce na \u015bwiat\u0142o dzienne wychodz\u0105 fakty, kt&oacute;re wywo\u0142uj\u0105 lawin\u0119 dramatycznych wydarze\u0144. Mateusz i Krzysztof dowiaduj\u0105 si\u0119, \u017ce ich ojciec przed \u015bmierci\u0105 spisa\u0142 nowy testament. Prawie ca\u0142y maj\u0105tek przypad\u0142 jego m\u0142odej \u017conie, Dorocie. Bracia podejrzewaj\u0105, \u017ce kobieta zwi\u0105za\u0142a si\u0119 z ich ojcem tylko dla pieni\u0119dzy, i co wi\u0119cej, zabi\u0142a go. Inna historia poka\u017ce jak fa\u0142szywy mo\u017ce by\u0107 obraz na poz&oacute;r szcz\u0119\u015bliwej, \u017cyj\u0105cej w dostatku, rodziny. Filip martwi si\u0119, \u017ce jego \u017cona nie mo\u017ce zaj\u015b\u0107 w ci\u0105\u017c\u0119. Namawia j\u0105 na wizyt\u0119 u lekarza. Wkr&oacute;tce przyjaciel informuje go, \u017ce widzia\u0142 Mari\u0119 z obcym m\u0119\u017cczyzn\u0105. Okazuje si\u0119, \u017ce Filip nie jest jedynym m\u0119\u017cem Marii. Serial &#8222;Ukryta prawda&#8221; powsta\u0142 na licencji niemieckiego formatu &#8222;Family Stories&#8221;.<\/p>\n<p>Opr&oacute;cz pi\u0119ciu wy\u017cej wymienionych nowo\u015bci programowych, w ram&oacute;wce TVN pojawi\u0105 si\u0119 znane od lat formaty: druga edycja <strong>&#8222;X Factor&#8221;<\/strong> z Tatian\u0105 Okupnik, Kub\u0105 Wojew&oacute;dzkim i Czes\u0142awem Mozilem w rolach juror&oacute;w; si&oacute;dma edycja <strong>&#8222;You Can Dance &#8211; Po Prostu Ta\u0144cz&#8221;<\/strong>, w kt&oacute;rego sk\u0142adzie jurorskim zasi\u0105d\u0105, jak w poprzedniej edycji, Kinga Rusin, Agustin Egurola i Micha\u0142 Pir&oacute;g; teleturniej <strong>&#8222;Milion w Minut\u0119&#8221;<\/strong> prowadzony przez Marcina Prokopa; talk-show <strong>&#8222;Kuba Wojew&oacute;dzki&#8221;<\/strong> oraz pi\u0105ta seria programu<strong> &#8222;Kuchenne Rewolucje&#8221;<\/strong>.<\/p>\n<p>Ponad to <strong>&#8222;Dzie\u0144 Dobry TVN&#8221;<\/strong>, kt&oacute;re od 13 lutego b\u0119dzie emitowane od godz. 8.00; odmienione <strong>&#8222;Rozmowy w Toku&#8221; <\/strong>Ewy Drzyzgi; magazyn <strong>&#8222;Co za tydzie\u0144&#8221;<\/strong> Oliviera Janiaka oraz seriale takie jak: <strong>&#8222;Przepis na \u017cycie&#8221;<\/strong> z Magdalen\u0105 Kumorek, Piotrem Adamczykiem, Borysem Szycem i Maj\u0105 Ostaszewsk\u0105; <strong>&#8222;Julia&#8221;<\/strong> z Juli\u0105 Rosnowsk\u0105, Krystianem Wieczorkiem i Mart\u0105 \u017bmud\u0105-Trzebiatowsk\u0105 i&nbsp;<strong>&#8222;Na Wsp&oacute;lnej&#8221;<\/strong> z Bo\u017cen\u0105 Dykiel, Ann\u0105 Korcz, Gra\u017cyn\u0105 Wolszczak, Joann\u0105 Jab\u0142czy\u0144sk\u0105 i Jakubem Weso\u0142owskim. Kontynuowane b\u0119d\u0105 r&oacute;wnie\u017c seriale fabularno-dokumentalne, czyli <strong>&#8222;W-11 Wydzia\u0142 \u015aledczy&#8221;<\/strong> i <strong>&#8222;Detektywi&#8221;<\/strong>.<\/p>\n","protected":false},"excerpt":{"rendered":"Wiosn\u0105 2012 r. na antenie TVN opr&oacute;cz kontynuacji znanych z poprzednich lat format&oacute;w, pojawi si\u0119 pi\u0119\u0107 nowo\u015bci programowych.","protected":false},"author":1,"featured_media":8513,"comment_status":"open","ping_status":"closed","sticky":false,"template":"","format":"standard","meta":{"csco_display_header_overlay":false,"csco_singular_sidebar":"","csco_page_header_type":"","csco_page_load_nextpost":"","csco_post_video_location":[],"csco_post_video_location_hash":"","csco_post_video_url":"","csco_post_video_bg_start_time":0,"csco_post_video_bg_end_time":0,"footnotes":""},"categories":[9670],"tags":[98],"class_list":{"0":"post-8512","1":"post","2":"type-post","3":"status-publish","4":"format-standard","5":"has-post-thumbnail","7":"category-tv","8":"tag-tvn","9":"cs-entry","10":"cs-video-wrap"},"_links":{"self":[{"href":"https:\/\/mediarun.com\/pl\/wp-json\/wp\/v2\/posts\/8512","targetHints":{"allow":["GET"]}}],"collection":[{"href":"https:\/\/mediarun.com\/pl\/wp-json\/wp\/v2\/posts"}],"about":[{"href":"https:\/\/mediarun.com\/pl\/wp-json\/wp\/v2\/types\/post"}],"author":[{"embeddable":true,"href":"https:\/\/mediarun.com\/pl\/wp-json\/wp\/v2\/users\/1"}],"replies":[{"embeddable":true,"href":"https:\/\/mediarun.com\/pl\/wp-json\/wp\/v2\/comments?post=8512"}],"version-history":[{"count":0,"href":"https:\/\/mediarun.com\/pl\/wp-json\/wp\/v2\/posts\/8512\/revisions"}],"wp:featuredmedia":[{"embeddable":true,"href":"https:\/\/mediarun.com\/pl\/wp-json\/wp\/v2\/media\/8513"}],"wp:attachment":[{"href":"https:\/\/mediarun.com\/pl\/wp-json\/wp\/v2\/media?parent=8512"}],"wp:term":[{"taxonomy":"category","embeddable":true,"href":"https:\/\/mediarun.com\/pl\/wp-json\/wp\/v2\/categories?post=8512"},{"taxonomy":"post_tag","embeddable":true,"href":"https:\/\/mediarun.com\/pl\/wp-json\/wp\/v2\/tags?post=8512"}],"curies":[{"name":"wp","href":"https:\/\/api.w.org\/{rel}","templated":true}]}}