{"id":85114,"date":"2005-11-18T18:10:48","date_gmt":"2005-11-18T17:10:48","guid":{"rendered":"https:\/\/mediarun.com\/index.php\/news-posts\/terlikowski-w-plusie\/"},"modified":"2005-11-18T18:10:48","modified_gmt":"2005-11-18T17:10:48","slug":"terlikowski-w-plusie","status":"publish","type":"post","link":"https:\/\/mediarun.com\/pl\/media\/radio\/terlikowski-w-plusie.html","title":{"rendered":"Terlikowski w Plusie"},"content":{"rendered":"<p>Piotr \u0141\u0119gowski, dyrektor programowy Radia Plus, wyja\u015bnia nam, \u017ce Daniel Kondraciuk z powodu swoich dodatkowych zaj\u0119\u0107 pozaradiowych musia\u0142 wycofa\u0107 si\u0119 z projektu. &#8211; Dlatego postanowili\u015bmy zaprosi\u0107 do wsp\u00f3\u0142pracy osob\u0119, kt\u00f3ra ma ogromne do\u015bwiadczenie publicystyczne i gwarantuj\u0119 nam wysoki poziom swoich program\u00f3w &#8211; t\u0142umaczy nam \u0141\u0119gowski.<\/p>\n<p>&#8211; Chcemy m\u00f3wi\u0107 o wierze, ale i tak\u017ce o polityce, historii, kobiecie, m\u0119\u017cczy\u017anie, ale tak\u017ce o pieni\u0105dzach i kulturze. Do programu chcemy zaprasza\u0107 ludzi, kt\u00f3rzy wiedz\u0105, co m\u00f3wi\u0105, a przy okazji chce ich si\u0119 s\u0142ucha\u0107 &#8211; opowiada\u0142 o programie w rozmowie z nami \u0141\u0119gowski pod koniec pa\u017adziernika.<\/p>\n<p>Tomasz Terlikowski jest doktorem filozofii, zast\u0119pc\u0105 redaktora naczelnego tygodnika &#8222;Ozon&#8221;, redaktorem naczelnym Ekumenicznej Agencji Informacyjnej. Wcze\u015bniej pracowa\u0142 ju\u017c w Radiu Plus. Zwi\u0105zany by\u0142 r\u00f3wnie\u017c z redakcj\u0105 katolick\u0105 TVP, PAP. Swoje teksty publikowa\u0142 m.in. w &#8222;\u017byciu&#8221; czy &#8222;Rzeczpospolitej&#8221;.<\/p>\n<p>Przypomnijmy, \u017ce w ramach sieci Radia Plus program nadaje obecnie 12 stacji. Prowadzone s\u0105 rozmowy z kolejnymi rozg\u0142o\u015bniami, kt\u00f3re mia\u0142yby do\u0142\u0105czy\u0107 do sieci.<\/p>\n","protected":false},"excerpt":{"rendered":"Tomasz Terlikowski rozpoczyna wsp\u00f3\u0142prac\u0119 z Radiem Plus. Od poniedzia\u0142ku w sieci poprowadzi wieczorny program publicystyczny. Terlikowski, razem z zaproszonymi go\u015b\u0107mi, komentowa\u0107 b\u0119dzie bie\u017c\u0105ce problemy spo\u0142eczno &#8211; polityczne. Wcze\u015bniej gospodarzem programu mia\u0142 zosta\u0107 Daniel Kondraciuk.","protected":false},"author":1,"featured_media":85115,"comment_status":"open","ping_status":"closed","sticky":false,"template":"","format":"standard","meta":{"csco_display_header_overlay":false,"csco_singular_sidebar":"","csco_page_header_type":"","csco_page_load_nextpost":"","csco_post_video_location":[],"csco_post_video_location_hash":"","csco_post_video_url":"","csco_post_video_bg_start_time":0,"csco_post_video_bg_end_time":0,"footnotes":""},"categories":[9672],"tags":[],"class_list":{"0":"post-85114","1":"post","2":"type-post","3":"status-publish","4":"format-standard","5":"has-post-thumbnail","7":"category-radio","8":"cs-entry","9":"cs-video-wrap"},"_links":{"self":[{"href":"https:\/\/mediarun.com\/pl\/wp-json\/wp\/v2\/posts\/85114","targetHints":{"allow":["GET"]}}],"collection":[{"href":"https:\/\/mediarun.com\/pl\/wp-json\/wp\/v2\/posts"}],"about":[{"href":"https:\/\/mediarun.com\/pl\/wp-json\/wp\/v2\/types\/post"}],"author":[{"embeddable":true,"href":"https:\/\/mediarun.com\/pl\/wp-json\/wp\/v2\/users\/1"}],"replies":[{"embeddable":true,"href":"https:\/\/mediarun.com\/pl\/wp-json\/wp\/v2\/comments?post=85114"}],"version-history":[{"count":0,"href":"https:\/\/mediarun.com\/pl\/wp-json\/wp\/v2\/posts\/85114\/revisions"}],"wp:featuredmedia":[{"embeddable":true,"href":"https:\/\/mediarun.com\/pl\/wp-json\/wp\/v2\/media\/85115"}],"wp:attachment":[{"href":"https:\/\/mediarun.com\/pl\/wp-json\/wp\/v2\/media?parent=85114"}],"wp:term":[{"taxonomy":"category","embeddable":true,"href":"https:\/\/mediarun.com\/pl\/wp-json\/wp\/v2\/categories?post=85114"},{"taxonomy":"post_tag","embeddable":true,"href":"https:\/\/mediarun.com\/pl\/wp-json\/wp\/v2\/tags?post=85114"}],"curies":[{"name":"wp","href":"https:\/\/api.w.org\/{rel}","templated":true}]}}