{"id":85113,"date":"2005-11-18T20:49:07","date_gmt":"2005-11-18T19:49:07","guid":{"rendered":"https:\/\/mediarun.com\/index.php\/news-posts\/rywalizacja-pochanke-i-smoktunowicz\/"},"modified":"2005-11-18T20:49:07","modified_gmt":"2005-11-18T19:49:07","slug":"rywalizacja-pochanke-i-smoktunowicz","status":"publish","type":"post","link":"https:\/\/mediarun.com\/pl\/media\/tv\/rywalizacja-pochanke-i-smoktunowicz.html","title":{"rendered":"Rywalizacja Pochanke i Smoktunowicz"},"content":{"rendered":"<p>Szans\u0119 na wyr\u00f3\u017cnienie w najbardziej presti\u017cowej kategorii otrzyma\u0142 tak\u017ce Kamil Durczok, Maciej Or\u0142o\u015b oraz Jaros\u0142aw Kulczycki. Publicystyczn\u0105 rywalizacj\u0119 stocz\u0105 miedzy sob\u0105 Dorota Gwaryluk (&#8222;Forum&#8221; -TVP1), Tomasz Lis (&#8222;Co z t\u0105 Polsk\u0105?&#8221; &#8211; Polsat), Tomasz Sekielski i Andrzej Morozowski (&#8222;Teraz my&#8221; &#8211; TVN),, Monika Olejnik (&#8222;Prosto w oczy&#8221; &#8211; TVP1) oraz Andrzej Turski (&#8222;7 dni \u015bwiat&#8221; &#8211; TVP2).<\/p>\n<p>W kategorii program spo\u0142eczno-interwencyjny nominowani zostali: Ryszard Cebula i Marcin Le\u015bkiewicz (&#8222;Uwaga!&#8221; &#8211; TVN), Ewa Drzyzga (&#8222;Rozmowy w toku&#8221; &#8211; TVN), El\u017cbieta Jaworowicz (&#8222;Sprawa dla reportera&#8221; &#8211; TVP1), Adam Kuklewicz (&#8222;Interwencja&#8221; &#8211; Polsat) oraz Jan Pospieszalski (&#8222;Warto rozmawia\u0107&#8221;).<\/p>\n<p>Interesuj\u0105co zapowiada si\u0119 pojedynek w kategorii Rozrywka. Nominacj\u0119 otrzymali: Zygmunt Chajzer (&#8222;Grasz, czy nie grasz&#8221; &#8211; Polsat), Jerzy Kryszak (&#8222;M\u00f3j pierwszy raz&#8221; &#8211; TVP2), Szymon Majewski (&#8222;Szymon Majewski Show&#8221; &#8211; TVN) ,Steffen Moeller (&#8222;Za\u0142\u00f3\u017c si\u0119&#8221; &#8211; TVP2), Hubert Urba\u0144ski i Katarzyna Skrzynecka (&#8222;Taniec z gwiazdami&#8221; &#8211; TVN).<\/p>\n<p>O miano najlepszego serialu obyczajowego walczy\u0107 b\u0119dzie &#8222;Klan&#8221; (TVP1), &#8222;M jak mi\u0142o\u015b\u0107&#8221; (TVP2), &#8221;Na Wsp\u00f3lnej&#8221; (TVN), &#8222;Pensjonat pod r\u00f3\u017c\u0105&#8221; (Polsat) oraz &#8222;Pierwsza mi\u0142o\u015b\u0107&#8221; (Polsat).<\/p>\n<p>W kategorii serial kryminalny rywalizowa\u0107 b\u0119d\u0105 produkcje: &#8222;Biuro Kryminalne&#8221; (TVP2), &#8222;Fala zbrodni&#8221; (Polsat), &#8222;Kryminalni&#8221; (TVN), &#8222;Oficer&#8221; (TVP1) oraz &#8222;W11 Wydzia\u0142 \u015aledczy&#8221; (TVN).<\/p>\n<p>W kategorii najlepsza aktorka nominowane zosta\u0142y: Joanna Brodzik (&#8222;Magda M.&#8221; &#8211; TVN), Agnieszka Dygant (&#8222;Niania &#8211; TVN&#8221;), Ma\u0142gorzata Ko\u017cuchowska (&#8222;M jak mi\u0142o\u015b\u0107 &#8222;- TVP2), Anna Przybylska (&#8222;Z\u0142otopolscy&#8221; &#8211; TVP2) oraz Magdalena R\u00f3\u017cd\u017cka (Oficer &#8211; TVP1).<\/p>\n<p>Nagrod\u0119 dla najlepszego aktora mo\u017ce otrzyma\u0107 Piotr Adamczyk (&#8222;Karol &#8211; cz\u0142owiek, kt\u00f3ry zosta\u0142 papie\u017cem&#8221;), Tomasz Kot (&#8222;Niania&#8221; &#8211; TVN), Witold Pyrkosz (&#8222;M jak mi\u0142o\u015b\u0107&#8221; &#8211; TVP2), Borys Szyc (&#8222;Oficer&#8221; &#8211; TVP1) oraz Maciej Zako\u015bcielny (&#8222;Kryminalni&#8221; &#8211; TVN).<\/p>\n","protected":false},"excerpt":{"rendered":"Og\u0142oszono nominacje do przyznawanych corocznie przez czytelnik\u00f3w &#8222;TeleTygodnia&#8221; Telekamer. Wzbudzaj\u0105ca du\u017ce zainteresowanie medi\u00f3w rywalizacja organizowana jest po raz \u00f3smy. W\u015br\u00f3d pretendent\u00f3w do nagrody w kategorii Informacje, znalaz\u0142a si\u0119 mi\u0119dzy innymi Justyna Pochanke oraz Hanna Smoktunowicz.","protected":false},"author":1,"featured_media":0,"comment_status":"open","ping_status":"closed","sticky":false,"template":"","format":"standard","meta":{"csco_display_header_overlay":false,"csco_singular_sidebar":"","csco_page_header_type":"","csco_page_load_nextpost":"","csco_post_video_location":[],"csco_post_video_location_hash":"","csco_post_video_url":"","csco_post_video_bg_start_time":0,"csco_post_video_bg_end_time":0,"footnotes":""},"categories":[9670],"tags":[],"class_list":{"0":"post-85113","1":"post","2":"type-post","3":"status-publish","4":"format-standard","6":"category-tv","7":"cs-entry","8":"cs-video-wrap"},"_links":{"self":[{"href":"https:\/\/mediarun.com\/pl\/wp-json\/wp\/v2\/posts\/85113","targetHints":{"allow":["GET"]}}],"collection":[{"href":"https:\/\/mediarun.com\/pl\/wp-json\/wp\/v2\/posts"}],"about":[{"href":"https:\/\/mediarun.com\/pl\/wp-json\/wp\/v2\/types\/post"}],"author":[{"embeddable":true,"href":"https:\/\/mediarun.com\/pl\/wp-json\/wp\/v2\/users\/1"}],"replies":[{"embeddable":true,"href":"https:\/\/mediarun.com\/pl\/wp-json\/wp\/v2\/comments?post=85113"}],"version-history":[{"count":0,"href":"https:\/\/mediarun.com\/pl\/wp-json\/wp\/v2\/posts\/85113\/revisions"}],"wp:attachment":[{"href":"https:\/\/mediarun.com\/pl\/wp-json\/wp\/v2\/media?parent=85113"}],"wp:term":[{"taxonomy":"category","embeddable":true,"href":"https:\/\/mediarun.com\/pl\/wp-json\/wp\/v2\/categories?post=85113"},{"taxonomy":"post_tag","embeddable":true,"href":"https:\/\/mediarun.com\/pl\/wp-json\/wp\/v2\/tags?post=85113"}],"curies":[{"name":"wp","href":"https:\/\/api.w.org\/{rel}","templated":true}]}}