{"id":85099,"date":"2005-11-19T02:28:07","date_gmt":"2005-11-19T01:28:07","guid":{"rendered":"https:\/\/mediarun.com\/index.php\/news-posts\/kulisy-futbolu-w-mtv\/"},"modified":"2005-11-19T02:28:07","modified_gmt":"2005-11-19T01:28:07","slug":"kulisy-futbolu-w-mtv","status":"publish","type":"post","link":"https:\/\/mediarun.com\/pl\/media\/tv\/kulisy-futbolu-w-mtv.html","title":{"rendered":"Kulisy futbolu w MTV"},"content":{"rendered":"<p>Gwiazdami programu jest dziesi\u0119ciu m\u0142odych, utalentowanych pi\u0142karzy, kt\u00f3rzy marz\u0105 o tym, aby dosta\u0107 si\u0119 do reprezentacji swoich kraj\u00f3w i wzi\u0105\u0107 udzia\u0142 w mistrzostwach, a co za tym idzie &#8211; zdoby\u0107 s\u0142aw\u0119 i du\u017ce pieni\u0105dze. Kamery MTV \u015bledz\u0105 ka\u017cdy krok zawodnik\u00f3w, takich jak Dijibril Cisse (Francja), Jermain Defoe (Anglia), Nigel de Jong (Holandia) czy Robert Huth (Niemcy) na boisku i w \u017cyciu prywatnym, eksponuj\u0105c zw\u0142aszcza to drugie, gdzie wa\u017cne miejsce zajmuj\u0105 pi\u0119kne kobiety i dobra zabawa. A wszystko po to, aby udowodni\u0107 widzom stacji, i\u017c pi\u0142karze s\u0105 r\u00f3wnie wielkimi gwiazdami, jak idole popu i rocka&#8230; W pierwszych odcinkach b\u0119dzie mo\u017cna zobaczy\u0107 m.in. \u015blub Diribrilla w walijskim zamku, jego imponuj\u0105c\u0105 kolekcj\u0119 zabytkowych samochod\u00f3w i spotkanie z megagwiazd\u0105 hip hopu, 50 Centem. Widzowie MTV Polska razem z Jermainem odwiedz\u0105 rezydencj\u0119 premiera Wielkiej Brytanii, Tony`ego Blaira i piosenkark\u0119 Natash\u0119 Bedingfield oraz obejrz\u0105 debiutancki wyst\u0119p Roberta w niemieckim serialu. Andres zaprosi kamery MTV na swoje wesele w Buenos Aires, na kt\u00f3rym go\u015bciem honorowym b\u0119dzie sam Diego Maradona&#8230; A to dopiero pocz\u0105tek atrakcji, jakie b\u0119dzie mo\u017cna zobaczy\u0107 w MTV Goal! <\/p>\n<p>Ju\u017c wkr\u00f3tce w konkursie paneuropejskim b\u0119dzie mo\u017cna wygra\u0107 spotkanie z jednym z pi\u0142karzy, bior\u0105cych udzia\u0142 w programie oraz wyjecha\u0107 na mistrzostwa \u015bwiata w pi\u0142ce no\u017cnej do Niemiec w czerwcu 2006 roku! Na stronie www.mtv.pl\/goal ju\u017c teraz mo\u017cna znale\u017a\u0107 szczeg\u00f3\u0142owe profile zawodnik\u00f3w, interaktywn\u0105 gr\u0119 online i gad\u017cety komputerowe. <\/p>\n<p>MTV Goal powstaje przy wsp\u00f3\u0142pracy z Xbox 360&#8482;, Samsung i adidas. Ka\u017cdy odcinek programu dotrze do 146 milion\u00f3w widz\u00f3w w Europie. Utw\u00f3r rozpoczynaj\u0105cy program zosta\u0142 skomponowany przez grup\u0119 Franz Ferdinand. <\/p>\n<p>Premierowy odcinek &#8222;MTV Goal&#8221; ju\u017c w niedziel\u0119 20 listopada o 18:30. Powt\u00f3rki MTV Polska nada w soboty o 13:00<\/p>\n","protected":false},"excerpt":{"rendered":"Dzi\u0119ki &#8222;MTV Goal&#8221; widzowie stacji otrzymaj\u0105 niepowtarzaln\u0105 okazj\u0119, aby zajrze\u0107 za kulisy pi\u0142karskiego \u015bwiata i zobaczy\u0107, jak m\u0142ode, obiecuj\u0105ce gwiazdy futbolu przygotowuj\u0105 si\u0119 do eliminacji do mistrzostw \u015bwiata w pi\u0142ce no\u017cnej! Program startuje w MTV Polska ju\u017c w sobot\u0119 19 listopada.","protected":false},"author":1,"featured_media":85100,"comment_status":"open","ping_status":"closed","sticky":false,"template":"","format":"standard","meta":{"csco_display_header_overlay":false,"csco_singular_sidebar":"","csco_page_header_type":"","csco_page_load_nextpost":"","csco_post_video_location":[],"csco_post_video_location_hash":"","csco_post_video_url":"","csco_post_video_bg_start_time":0,"csco_post_video_bg_end_time":0,"footnotes":""},"categories":[9670],"tags":[],"class_list":{"0":"post-85099","1":"post","2":"type-post","3":"status-publish","4":"format-standard","5":"has-post-thumbnail","7":"category-tv","8":"cs-entry","9":"cs-video-wrap"},"_links":{"self":[{"href":"https:\/\/mediarun.com\/pl\/wp-json\/wp\/v2\/posts\/85099","targetHints":{"allow":["GET"]}}],"collection":[{"href":"https:\/\/mediarun.com\/pl\/wp-json\/wp\/v2\/posts"}],"about":[{"href":"https:\/\/mediarun.com\/pl\/wp-json\/wp\/v2\/types\/post"}],"author":[{"embeddable":true,"href":"https:\/\/mediarun.com\/pl\/wp-json\/wp\/v2\/users\/1"}],"replies":[{"embeddable":true,"href":"https:\/\/mediarun.com\/pl\/wp-json\/wp\/v2\/comments?post=85099"}],"version-history":[{"count":0,"href":"https:\/\/mediarun.com\/pl\/wp-json\/wp\/v2\/posts\/85099\/revisions"}],"wp:featuredmedia":[{"embeddable":true,"href":"https:\/\/mediarun.com\/pl\/wp-json\/wp\/v2\/media\/85100"}],"wp:attachment":[{"href":"https:\/\/mediarun.com\/pl\/wp-json\/wp\/v2\/media?parent=85099"}],"wp:term":[{"taxonomy":"category","embeddable":true,"href":"https:\/\/mediarun.com\/pl\/wp-json\/wp\/v2\/categories?post=85099"},{"taxonomy":"post_tag","embeddable":true,"href":"https:\/\/mediarun.com\/pl\/wp-json\/wp\/v2\/tags?post=85099"}],"curies":[{"name":"wp","href":"https:\/\/api.w.org\/{rel}","templated":true}]}}