{"id":85097,"date":"2005-11-19T02:30:35","date_gmt":"2005-11-19T01:30:35","guid":{"rendered":"https:\/\/mediarun.com\/index.php\/news-posts\/chca-odwolania-szefa-otv-rzeszow\/"},"modified":"2005-11-19T02:30:35","modified_gmt":"2005-11-19T01:30:35","slug":"chca-odwolania-szefa-otv-rzeszow","status":"publish","type":"post","link":"https:\/\/mediarun.com\/pl\/media\/tv\/chca-odwolania-szefa-otv-rzeszow.html","title":{"rendered":"Chc\u0105 odwo\u0142ania szefa OTV Rzesz\u00f3w"},"content":{"rendered":"<p>W\u0142odzimierz Rudolf, przewodnicz\u0105cy oddzia\u0142owej &#8222;Solidarno\u015bci&#8221;, m\u00f3wi jednak, \u017ce tak naprawd\u0119 nie chodzi o kierownika informacji, ale o samego dyrektora Czartoryskiego. &#8211; To on odpowiada za to, co si\u0119 dzieje w redakcji &#8211; twierdzi. <\/p>\n<p>-Autorzy listu nie chc\u0105 si\u0119 ju\u017c wypowiada\u0107 pod w\u0142asnymi nazwiskami. &#8211; Czartoryski zacz\u0105\u0142 prowadzi\u0107 z nami rozmowy wychowawcze i to si\u0119 mo\u017ce \u017ale sko\u0144czy\u0107, bo zapowiadane s\u0105 redukcje etat\u00f3w &#8211; wyja\u015bnia &#8222;Rzeczpospolitej&#8221; jeden z nich. Dziennikarze nieoficjalnie m\u00f3wi\u0105, \u017ce dyrektor stara si\u0119 przypodoba\u0107 nowej, prawicowej w\u0142adzy. &#8211; Ostatnio nawet msze zacz\u0119li\u015bmy transmitowa\u0107, co najbardziej zaskoczy\u0142o zatrudnionego w redakcji ksi\u0119dza &#8211; opowiada jedna z reporterek. Przypomina, \u017ce problem z kierownictwem ci\u0105gnie si\u0119 od lat, a jego \u017ar\u00f3d\u0142em s\u0105 dyrektorzy, kt\u00f3rzy przychodz\u0105 do redakcji z nadania politycznego. <\/p>\n<p>&#8211; Jako przyk\u0142ad W\u0142odzimierz Rudolf przytacza spraw\u0119 Adama Kozaka, radnego wojew\u00f3dzkiego SLD, kt\u00f3remu by\u0142y wiceminister finans\u00f3w i baron podkarpackiego Sojuszu Wies\u0142aw Ciesielski umorzy\u0142 kilkaset tysi\u0119cy podatku. Sprawa by\u0142a g\u0142o\u015bna w kraju, ale dziennikarzy rzeszowskiego o\u015brodka naciskano, by nie podejmowali tematu.  &#8211; czytamy w &#8222;Rzeczpospolitej&#8221;<\/p>\n","protected":false},"excerpt":{"rendered":"&#8222;Solidarno\u015b\u0107&#8221; wyst\u0105pi\u0142a o odwo\u0142anie dyrektora oddzia\u0142u TVP w Rzeszowie. W pi\u015bmie do dyrektora oddzia\u0142u Adama Czartoryskiego dziennikarze sformu\u0142owali 12 zarzut\u00f3w pod adresem kierownika dzia\u0142u informacji Romana Madejowskiego. &#8211; czytamy w &#8222;Rzeczpospolitej&#8221;","protected":false},"author":1,"featured_media":85098,"comment_status":"open","ping_status":"closed","sticky":false,"template":"","format":"standard","meta":{"csco_display_header_overlay":false,"csco_singular_sidebar":"","csco_page_header_type":"","csco_page_load_nextpost":"","csco_post_video_location":[],"csco_post_video_location_hash":"","csco_post_video_url":"","csco_post_video_bg_start_time":0,"csco_post_video_bg_end_time":0,"footnotes":""},"categories":[9670],"tags":[],"class_list":{"0":"post-85097","1":"post","2":"type-post","3":"status-publish","4":"format-standard","5":"has-post-thumbnail","7":"category-tv","8":"cs-entry","9":"cs-video-wrap"},"_links":{"self":[{"href":"https:\/\/mediarun.com\/pl\/wp-json\/wp\/v2\/posts\/85097","targetHints":{"allow":["GET"]}}],"collection":[{"href":"https:\/\/mediarun.com\/pl\/wp-json\/wp\/v2\/posts"}],"about":[{"href":"https:\/\/mediarun.com\/pl\/wp-json\/wp\/v2\/types\/post"}],"author":[{"embeddable":true,"href":"https:\/\/mediarun.com\/pl\/wp-json\/wp\/v2\/users\/1"}],"replies":[{"embeddable":true,"href":"https:\/\/mediarun.com\/pl\/wp-json\/wp\/v2\/comments?post=85097"}],"version-history":[{"count":0,"href":"https:\/\/mediarun.com\/pl\/wp-json\/wp\/v2\/posts\/85097\/revisions"}],"wp:featuredmedia":[{"embeddable":true,"href":"https:\/\/mediarun.com\/pl\/wp-json\/wp\/v2\/media\/85098"}],"wp:attachment":[{"href":"https:\/\/mediarun.com\/pl\/wp-json\/wp\/v2\/media?parent=85097"}],"wp:term":[{"taxonomy":"category","embeddable":true,"href":"https:\/\/mediarun.com\/pl\/wp-json\/wp\/v2\/categories?post=85097"},{"taxonomy":"post_tag","embeddable":true,"href":"https:\/\/mediarun.com\/pl\/wp-json\/wp\/v2\/tags?post=85097"}],"curies":[{"name":"wp","href":"https:\/\/api.w.org\/{rel}","templated":true}]}}