{"id":85095,"date":"2005-11-19T02:36:18","date_gmt":"2005-11-19T01:36:18","guid":{"rendered":"https:\/\/mediarun.com\/index.php\/news-posts\/rosnie-ogladalnosc-tvn-style\/"},"modified":"2005-11-19T02:36:18","modified_gmt":"2005-11-19T01:36:18","slug":"rosnie-ogladalnosc-tvn-style","status":"publish","type":"post","link":"https:\/\/mediarun.com\/pl\/media\/tv\/rosnie-ogladalnosc-tvn-style.html","title":{"rendered":"Ro\u015bnie ogl\u0105dalno\u015b\u0107 TVN Style"},"content":{"rendered":"<p>&#8211; Zaczynamy odczuwa\u0107 efekty buduj\u0105cej si\u0119 lojalno\u015bci widza wobec stacji &#8211; t\u0142umaczy Yvette \u017b\u00f3\u0142towska-Darska, dyrektor ds.rozwoju kana\u0142\u00f3w tematycznych w Grupie TVN. <\/p>\n<p>&#8211; TVN Style zosta\u0142 uruchomiony w sierpniu 2004 roku. Za po\u015brednictwem sieci kablowych i platform satelitarnych dociera obecnie do ponad 3,5 mln gospodarstw domowych. &#8211; informuje &#8222;Rzeczpospolita&#8221;<\/p>\n","protected":false},"excerpt":{"rendered":"W styczniu z programem mia\u0142o kontakt 665 tys. widz\u00f3w dziennie. W listopadzie jest to ju\u017c \u015brednio 943 tysi\u0105ce. Wzrost widowni to skutek poszerzania zasi\u0119gu nadawania stacji (od listopada mo\u017cna j\u0105 ogl\u0105da\u0107 w drugiej co do wielko\u015bci polskiej sieci kablowej Vectra) i przyci\u0105gaj\u0105cej nowych widz\u00f3w oferty programowej. &#8211; pisze &#8222;Rzeczpospolita&#8221;","protected":false},"author":1,"featured_media":85096,"comment_status":"open","ping_status":"closed","sticky":false,"template":"","format":"standard","meta":{"csco_display_header_overlay":false,"csco_singular_sidebar":"","csco_page_header_type":"","csco_page_load_nextpost":"","csco_post_video_location":[],"csco_post_video_location_hash":"","csco_post_video_url":"","csco_post_video_bg_start_time":0,"csco_post_video_bg_end_time":0,"footnotes":""},"categories":[9670],"tags":[],"class_list":{"0":"post-85095","1":"post","2":"type-post","3":"status-publish","4":"format-standard","5":"has-post-thumbnail","7":"category-tv","8":"cs-entry","9":"cs-video-wrap"},"_links":{"self":[{"href":"https:\/\/mediarun.com\/pl\/wp-json\/wp\/v2\/posts\/85095","targetHints":{"allow":["GET"]}}],"collection":[{"href":"https:\/\/mediarun.com\/pl\/wp-json\/wp\/v2\/posts"}],"about":[{"href":"https:\/\/mediarun.com\/pl\/wp-json\/wp\/v2\/types\/post"}],"author":[{"embeddable":true,"href":"https:\/\/mediarun.com\/pl\/wp-json\/wp\/v2\/users\/1"}],"replies":[{"embeddable":true,"href":"https:\/\/mediarun.com\/pl\/wp-json\/wp\/v2\/comments?post=85095"}],"version-history":[{"count":0,"href":"https:\/\/mediarun.com\/pl\/wp-json\/wp\/v2\/posts\/85095\/revisions"}],"wp:featuredmedia":[{"embeddable":true,"href":"https:\/\/mediarun.com\/pl\/wp-json\/wp\/v2\/media\/85096"}],"wp:attachment":[{"href":"https:\/\/mediarun.com\/pl\/wp-json\/wp\/v2\/media?parent=85095"}],"wp:term":[{"taxonomy":"category","embeddable":true,"href":"https:\/\/mediarun.com\/pl\/wp-json\/wp\/v2\/categories?post=85095"},{"taxonomy":"post_tag","embeddable":true,"href":"https:\/\/mediarun.com\/pl\/wp-json\/wp\/v2\/tags?post=85095"}],"curies":[{"name":"wp","href":"https:\/\/api.w.org\/{rel}","templated":true}]}}