{"id":85092,"date":"2005-11-19T02:43:45","date_gmt":"2005-11-19T01:43:45","guid":{"rendered":"https:\/\/mediarun.com\/index.php\/news-posts\/walesa-chce-podac-o-rydzyka-do-sadu\/"},"modified":"2005-11-19T02:43:45","modified_gmt":"2005-11-19T01:43:45","slug":"walesa-chce-podac-o-rydzyka-do-sadu","status":"publish","type":"post","link":"https:\/\/mediarun.com\/pl\/media\/radio\/walesa-chce-podac-o-rydzyka-do-sadu.html","title":{"rendered":"Wa\u0142\u0119sa chce poda\u0107 o. Rydzyka do s\u0105du"},"content":{"rendered":"<p>&#8211; Zacz\u0119\u0142o si\u0119 w czwartek. O. Rydzyk wys\u0142a\u0142 Wa\u0142\u0119sie list, w kt\u00f3rym oskar\u017ca go o szkalowanie Radia Maryja i jego s\u0142uchaczy.&#8222;Je\u015bli chodzi o moj\u0105 osob\u0119, to przyjmuj\u0119 wszystkie obelgi &#8211; pisze redemptorysta &#8211; ale prosz\u0119 oszcz\u0119dzi\u0107 ich s\u0142uchaczom Radia Maryja, cho\u0107by w stylu &raquo; psychole od Rydzyka &laquo;&#8221;. Dalej Ojciec Dyrektor pyta: &#8222;Dlaczego ubli\u017ca pan s\u0142uchaczom, ludziom wierz\u0105cym, kt\u00f3rymi niejednokrotnie pogardzano w niedawnych czasach komunizmu, a teraz znowu pogardzaj\u0105 nimi libera\u0142owie? (&#8230;) Uprzejmie prosz\u0119 Pana Prezydenta o podanie mi, kiedy ja czy kt\u00f3rykolwiek z ojc\u00f3w w naszym radiu powiedzia\u0142 co\u015b przeciwko Panu, kiedy kt\u00f3ry\u015b z nas wyrazi\u0142 si\u0119 o Panu bez szacunku, bez nale\u017cnych tytu\u0142\u00f3w?&#8221;. &#8211; czytamy w &#8222;Gazecie Wyborczej&#8221;<\/p>\n<p>&#8211; W lutym w Telewizji Trwam i Radiu Maryja Krzysztof Wyszkowski zarzuci\u0142 Wa\u0142\u0119sie agenturaln\u0105 przesz\u0142o\u015b\u0107. Zbulwersowany b. prezydent napisa\u0142 list otwarty, zarzuci\u0142 radiu sianie nienawi\u015bci i zak\u0142amywanie historii. Toru\u0144ska stacja zrewan\u017cowa\u0142a si\u0119 powt\u00f3rk\u0105 audycji. Wtedy Wa\u0142\u0119sa wyst\u0105pi\u0142 do IPN o status pokrzywdzonego przez s\u0142u\u017cby specjalne PRL. Taki dokument otrzyma\u0142 w ostatni\u0105 \u015brod\u0119. I od razu zapowiedzia\u0142, \u017ce wytoczy proces ka\u017cdemu, kto pomawia go o zdrad\u0119. &#8211; donosi &#8222;Gazeta Wyborcza&#8221;<\/p>\n","protected":false},"excerpt":{"rendered":"&#8211; Zanosi si\u0119 na bezprecedensowy proces: Lech Wa\u0142\u0119sa kontra ojciec Tadeusz Rydzyk. By\u0142y prezydent ju\u017c zbiera dla s\u0105du dowody, \u017ce toru\u0144ska rozg\u0142o\u015bnia dopuszcza si\u0119 wobec niego pom\u00f3wie\u0144 &#8211; informuje &#8222;Gazeta Wyborcza&#8221;","protected":false},"author":1,"featured_media":0,"comment_status":"open","ping_status":"closed","sticky":false,"template":"","format":"standard","meta":{"csco_display_header_overlay":false,"csco_singular_sidebar":"","csco_page_header_type":"","csco_page_load_nextpost":"","csco_post_video_location":[],"csco_post_video_location_hash":"","csco_post_video_url":"","csco_post_video_bg_start_time":0,"csco_post_video_bg_end_time":0,"footnotes":""},"categories":[9672],"tags":[],"class_list":{"0":"post-85092","1":"post","2":"type-post","3":"status-publish","4":"format-standard","6":"category-radio","7":"cs-entry","8":"cs-video-wrap"},"_links":{"self":[{"href":"https:\/\/mediarun.com\/pl\/wp-json\/wp\/v2\/posts\/85092","targetHints":{"allow":["GET"]}}],"collection":[{"href":"https:\/\/mediarun.com\/pl\/wp-json\/wp\/v2\/posts"}],"about":[{"href":"https:\/\/mediarun.com\/pl\/wp-json\/wp\/v2\/types\/post"}],"author":[{"embeddable":true,"href":"https:\/\/mediarun.com\/pl\/wp-json\/wp\/v2\/users\/1"}],"replies":[{"embeddable":true,"href":"https:\/\/mediarun.com\/pl\/wp-json\/wp\/v2\/comments?post=85092"}],"version-history":[{"count":0,"href":"https:\/\/mediarun.com\/pl\/wp-json\/wp\/v2\/posts\/85092\/revisions"}],"wp:attachment":[{"href":"https:\/\/mediarun.com\/pl\/wp-json\/wp\/v2\/media?parent=85092"}],"wp:term":[{"taxonomy":"category","embeddable":true,"href":"https:\/\/mediarun.com\/pl\/wp-json\/wp\/v2\/categories?post=85092"},{"taxonomy":"post_tag","embeddable":true,"href":"https:\/\/mediarun.com\/pl\/wp-json\/wp\/v2\/tags?post=85092"}],"curies":[{"name":"wp","href":"https:\/\/api.w.org\/{rel}","templated":true}]}}