{"id":85088,"date":"2005-11-19T02:57:44","date_gmt":"2005-11-19T01:57:44","guid":{"rendered":"https:\/\/mediarun.com\/index.php\/news-posts\/wkrotce-tvpis\/"},"modified":"2005-11-19T02:57:44","modified_gmt":"2005-11-19T01:57:44","slug":"wkrotce-tvpis","status":"publish","type":"post","link":"https:\/\/mediarun.com\/pl\/media\/tv\/wkrotce-tvpis.html","title":{"rendered":"Wkr\u00f3tce TVPiS?"},"content":{"rendered":"<p>&#8211; S\u0142uchaj\u0105c wi\u0119c pi\u0119knych s\u0142\u00f3w nowego wiceministra kultury Jaros\u0142awa Sellina o misji medi\u00f3w publicznych i o tym jak wype\u0142nianie tej misji PiS chce wspiera\u0107, nie wierzcie Pafistwo tym deklaracjom. Od 15 lat bowiem politycy r\u00f3\u017cnych opcji wyznaj\u0105 zasad\u0119: kto ma telewizj\u0119, ten ma w\u0142adz\u0119. Opozycja opowiada\u0142a o misji medi\u00f3w publicznych, a gdy uzyskiwa\u0142a na nie wp\u0142yw, natychmiast przyst\u0119powa\u0142a do ich podporz\u0105dkowywania sobie. Czynili tak wszyscy, z SLD w\u0142\u0105cznie. PiS nie b\u0119dzie wyj\u0105tkiem. &#8211; czytamy w &#8222;Trybunie&#8221;<\/p>\n<p>&#8211; Dotychczas jednak odbywa\u0142o si\u0119 to w ramach prawa. Czekano cierpliwie, a\u017c uk\u0142ad si\u0142 pozwoli na uzyskanie w Krajowej Radzie Radiofonii i Telewizji takiej wi\u0119kszo\u015bci, kt\u00f3ra umo\u017cliwi realizacj\u0119 swoich zamiar\u00f3w. &#8211; zauwa\u017ca &#8222;Trybuna&#8221;<\/p>\n<p>&#8211; Dlatego najprawdopodobniej na pierwszy ogie\u0144 prac legislacyjnych w Sejmie nie p\u00f3jdzie obiecane przez premiera Marcinkiewicza do\u017cywianie dzieci, lecz w\u0142a\u015bnie ustawa mediana. Pomys\u0142 jest dziecinnie prosty &#8211; Krajowej Rady (ona wybiera cz\u0142onk\u00f3w rad nadzorczych, a one zarz\u0105dy) nie da si\u0119 zlikwidowa\u0107 natychmiast (bo to wymaga zmian w konstytucji), wi\u0119c ustaw\u0105 ograniczy si\u0119 jej liczebno\u015b\u0107. B\u0119dzie nowa ustawa, b\u0119dzie mo\u017cna wymieni\u0107 Rad\u0119. Do tego zamiast dziewi\u0119ciu cz\u0142onk\u00f3w KRRiTy b\u0119dzie tylko trzech. Jeden mianowany przez prezydenta (PiS), drugi przez Senat (PiS) i trzeci przez Sejm (PiS z koalicjantami). Aby przypadkiem nie przydarzy\u0142a si\u0119 jaka\u015b przykra niespodzianka, w ustawie zapisze si\u0119, \u017ce nominat prezydenta (Kaczy\u0144ski) b\u0119dzie jednocze\u015bnie przewodnicz\u0105cym. &#8211; informuje &#8222;Trybuna&#8221;<\/p>\n","protected":false},"excerpt":{"rendered":"Politycy Prawa i Sprawiedliwo\u015bci s\u0105 gl\u0119boko przekonani, \u017ce publiczna telewizja faworyzowa\u0142a przed wyborami Platform\u0119 Obywatelsk\u0105 Rany pozosta\u0142y g\u0142\u0119bokie, wyleczy\u0107 je wi\u0119c mo\u017cna &#8211; zdaniem PiS poprzez radykalne ci\u0119cia Je\u015bli bowiem Bracia chc\u0105 budowa\u0107 siln\u0105 formacj\u0119 prawicow\u0105 achc\u0105 to nie mog\u0105 sobie pozwoli\u0107, by cokolwiek pozosta\u0142o poza ich kontrol\u0105. Publiczne media w szczeg\u00f3lno\u015bci  &#8211; donosi &#8222;Trybuna&#8221;","protected":false},"author":1,"featured_media":85089,"comment_status":"open","ping_status":"closed","sticky":false,"template":"","format":"standard","meta":{"csco_display_header_overlay":false,"csco_singular_sidebar":"","csco_page_header_type":"","csco_page_load_nextpost":"","csco_post_video_location":[],"csco_post_video_location_hash":"","csco_post_video_url":"","csco_post_video_bg_start_time":0,"csco_post_video_bg_end_time":0,"footnotes":""},"categories":[9670],"tags":[],"class_list":{"0":"post-85088","1":"post","2":"type-post","3":"status-publish","4":"format-standard","5":"has-post-thumbnail","7":"category-tv","8":"cs-entry","9":"cs-video-wrap"},"_links":{"self":[{"href":"https:\/\/mediarun.com\/pl\/wp-json\/wp\/v2\/posts\/85088","targetHints":{"allow":["GET"]}}],"collection":[{"href":"https:\/\/mediarun.com\/pl\/wp-json\/wp\/v2\/posts"}],"about":[{"href":"https:\/\/mediarun.com\/pl\/wp-json\/wp\/v2\/types\/post"}],"author":[{"embeddable":true,"href":"https:\/\/mediarun.com\/pl\/wp-json\/wp\/v2\/users\/1"}],"replies":[{"embeddable":true,"href":"https:\/\/mediarun.com\/pl\/wp-json\/wp\/v2\/comments?post=85088"}],"version-history":[{"count":0,"href":"https:\/\/mediarun.com\/pl\/wp-json\/wp\/v2\/posts\/85088\/revisions"}],"wp:featuredmedia":[{"embeddable":true,"href":"https:\/\/mediarun.com\/pl\/wp-json\/wp\/v2\/media\/85089"}],"wp:attachment":[{"href":"https:\/\/mediarun.com\/pl\/wp-json\/wp\/v2\/media?parent=85088"}],"wp:term":[{"taxonomy":"category","embeddable":true,"href":"https:\/\/mediarun.com\/pl\/wp-json\/wp\/v2\/categories?post=85088"},{"taxonomy":"post_tag","embeddable":true,"href":"https:\/\/mediarun.com\/pl\/wp-json\/wp\/v2\/tags?post=85088"}],"curies":[{"name":"wp","href":"https:\/\/api.w.org\/{rel}","templated":true}]}}