{"id":85087,"date":"2005-11-19T03:09:18","date_gmt":"2005-11-19T02:09:18","guid":{"rendered":"https:\/\/mediarun.com\/index.php\/news-posts\/nasz-dziennik-o-prowokacji-przeciwko-r-maryja\/"},"modified":"2005-11-19T03:09:18","modified_gmt":"2005-11-19T02:09:18","slug":"nasz-dziennik-o-prowokacji-przeciwko-r-maryja","status":"publish","type":"post","link":"https:\/\/mediarun.com\/pl\/media\/radio\/nasz-dziennik-o-prowokacji-przeciwko-r-maryja.html","title":{"rendered":"Nasz Dziennik o prowokacji przeciwko R. Maryja"},"content":{"rendered":"<p>&#8211; Tyle \u017ce nie wiadomo, kto wchodzi w sk\u0142ad komitetu ani nawet jaki jest jego adres &#8211; podany jest tylko numer skrytki pocztowej. Prowokacja wpisuje si\u0119 w tradycyjn\u0105 ju\u017c, jak co roku przed obchodami rocznicy powstania Radia Maryja, kampani\u0119 oszczerstw i kreowania fa\u0142szywego obrazu Radia oraz jego za\u0142o\u017cyciela.<br \/>\nW wydanym komunikacie prof. Ryszard Bender napisa\u0142, \u017ce ten nieznany dotychczas i samozwa\u0144czy komitet podszy\u0142 si\u0119 pod &#8222;SOS dla Radia Maryja&#8221;. Senator podkre\u015bli\u0142, \u017ce w Polsce istnieje wy\u0142\u0105cznie Krajowy Sekretariat &#8222;SOS dla Radia Maryja&#8221; z siedzib\u0105 w Toruniu, w sk\u0142ad kt\u00f3rego wchodz\u0105: pose\u0142 Anna Sobecka, senator dr Jan Szafraniec oraz prof. Ryszard Bender jako przewodnicz\u0105cy. &#8222;Ka\u017cde inne gremium, przyw\u0142aszczaj\u0105ce sobie nazw\u0119 'SOS dla Radia Maryja&#8217;, nale\u017cy uzna\u0107 za fa\u0142szywe&#8221; &#8211; czytamy w komunikacie. List szczeci\u0144skiego komitetu nie zawiera nawet adresu. O jego \u015bmieszno\u015bci \u015bwiadcz\u0105 pompatyczne tytu\u0142y autor\u00f3w: dyrektor generalny i prezydent rady.<br \/>\nSenator Jan Szafraniec podkre\u015bli\u0142, \u017ce sekretariat powsta\u0142 wiele lat temu w Toruniu, w porozumieniu z o. Tadeuszem Rydzykiem, i nigdy nie tworzy\u0142 \u017cadnych regionalnych oddzia\u0142\u00f3w. Z kolei pose\u0142 Anna Sobecka powiedzia\u0142a, \u017ce Sekretariat nie mia\u0142 nic wsp\u00f3lnego z dzia\u0142aniami szczeci\u0144skiego komitetu. &#8211; czytamy w &#8222;Naszym Dzienniku&#8221;<\/p>\n<p>&#8211; Profesor Ryszard Bender skrytykowa\u0142 Polsk\u0105 Agencj\u0119 Prasow\u0105, kt\u00f3ra zamie\u015bci\u0142a informacj\u0119 na temat dzia\u0142a\u0144 rzekomego szczeci\u0144skiego komitetu, za brak weryfikacji tej wiadomo\u015bci w toru\u0144skiej siedzibie Krajowego Sekretariatu. Depesza agencji zawiera\u0142a fragmenty listu skierowanego do najwy\u017cszych w\u0142adz w pa\u0144stwie, w tym prezydenta Aleksandra Kwa\u015bniewskiego. Nie by\u0142o tam \u017cadnych wypowiedzi fa\u0142szywego komitetu, z kt\u00f3rym &#8211; jak przyzna\u0142a PAP w jednej z pi\u0105tkowych depeszy &#8211; nie uda\u0142o si\u0119 skontaktowa\u0107. &#8211; donosi &#8222;Nasz Dziennik&#8221;<\/p>\n","protected":false},"excerpt":{"rendered":"Jako prowokacj\u0119 okre\u015bli\u0142 prof. Ryszard Bender dzia\u0142ania samozwa\u0144czego komitetu ze Szczecina podszywaj\u0105cego si\u0119 pod Krajowy Sekretariat &#8222;SOS dla Radia Maryja&#8221;. Ten\u017ce komitet wyst\u0105pi\u0142 w czwartek z inicjatyw\u0105 uhonorowania o. Tadeusza Rydzyka, dyrektora Radia Maryja, orderem Or\u0142a Bia\u0142ego. &#8211; pisze &#8222;Nasz Dziennik&#8221;","protected":false},"author":1,"featured_media":0,"comment_status":"open","ping_status":"closed","sticky":false,"template":"","format":"standard","meta":{"csco_display_header_overlay":false,"csco_singular_sidebar":"","csco_page_header_type":"","csco_page_load_nextpost":"","csco_post_video_location":[],"csco_post_video_location_hash":"","csco_post_video_url":"","csco_post_video_bg_start_time":0,"csco_post_video_bg_end_time":0,"footnotes":""},"categories":[9672],"tags":[],"class_list":{"0":"post-85087","1":"post","2":"type-post","3":"status-publish","4":"format-standard","6":"category-radio","7":"cs-entry","8":"cs-video-wrap"},"_links":{"self":[{"href":"https:\/\/mediarun.com\/pl\/wp-json\/wp\/v2\/posts\/85087","targetHints":{"allow":["GET"]}}],"collection":[{"href":"https:\/\/mediarun.com\/pl\/wp-json\/wp\/v2\/posts"}],"about":[{"href":"https:\/\/mediarun.com\/pl\/wp-json\/wp\/v2\/types\/post"}],"author":[{"embeddable":true,"href":"https:\/\/mediarun.com\/pl\/wp-json\/wp\/v2\/users\/1"}],"replies":[{"embeddable":true,"href":"https:\/\/mediarun.com\/pl\/wp-json\/wp\/v2\/comments?post=85087"}],"version-history":[{"count":0,"href":"https:\/\/mediarun.com\/pl\/wp-json\/wp\/v2\/posts\/85087\/revisions"}],"wp:attachment":[{"href":"https:\/\/mediarun.com\/pl\/wp-json\/wp\/v2\/media?parent=85087"}],"wp:term":[{"taxonomy":"category","embeddable":true,"href":"https:\/\/mediarun.com\/pl\/wp-json\/wp\/v2\/categories?post=85087"},{"taxonomy":"post_tag","embeddable":true,"href":"https:\/\/mediarun.com\/pl\/wp-json\/wp\/v2\/tags?post=85087"}],"curies":[{"name":"wp","href":"https:\/\/api.w.org\/{rel}","templated":true}]}}