{"id":85085,"date":"2005-11-19T03:12:22","date_gmt":"2005-11-19T02:12:22","guid":{"rendered":"https:\/\/mediarun.com\/index.php\/news-posts\/nowelizacja-ustawy-o-rtv-bez-szans\/"},"modified":"2005-11-19T03:12:22","modified_gmt":"2005-11-19T02:12:22","slug":"nowelizacja-ustawy-o-rtv-bez-szans","status":"publish","type":"post","link":"https:\/\/mediarun.com\/pl\/media\/tv\/nowelizacja-ustawy-o-rtv-bez-szans.html","title":{"rendered":"Nowelizacja ustawy o rtv bez szans"},"content":{"rendered":"<p>&#8211; Prawo i Sprawiedliwo\u015b\u0107, likwiduj\u0105c rozbudowan\u0105 nadmiernie administracj\u0119 publiczn\u0105, planuje powo\u0142anie zintegrowanego regulatora rynku komunikacji elektronicznej. W pierwszym etapie ma by\u0107 zmniejszona liczba cz\u0142onk\u00f3w KRRiT oraz przekazanie wszelkich kompetencji zwi\u0105zanych z prowadzeniem gospodarki cz\u0119stotliwo\u015bciowej do Urz\u0119du Komunikacji Elektronicznej (powstanie w miejsce Urz\u0119du Regulacji Telekomunikacji i Poczty). Natomiast w drugim etapie, po dokonaniu stosownych zmian w Konstytucji RP, zmiany b\u0119d\u0105 polega\u0107 na scaleniu dw\u00f3ch urz\u0119d\u00f3w w jedn\u0105 zintegrowan\u0105 instytucj\u0119 regulacyjn\u0105. Wed\u0142ug przedstawicieli PiS, projekt usuwa &#8222;chaos kompetencyjny mi\u0119dzy KRRiT i URTiP&#8221;. &#8211; czytamy w &#8222;Naszym Dzienniku&#8221;<\/p>\n<p>&#8211; To jest droga bardzo na skr\u00f3ty &#8211; tak kr\u00f3tko podsumowa\u0142a propozycje PiS Iwona \u015aledzi\u0144ska-Katarasi\u0144ska (PO). W jej opinii, potrzebne jest uporz\u0105dkowanie kompetencji Krajowej Rady Radiofonii i Telewizji, a nawet jakie\u015b ograniczenie liczebno\u015bci, w przypadku gdy pewne kompetencje przenosi si\u0119 do innego regulatora, ale nie w kszta\u0142cie proponowanym przez PiS. Pos\u0142anka zapowiedzia\u0142a, \u017ce Platforma Obywatelska zg\u0142osi we wtorek w\u0142asny projekt odno\u015bnie do KRRiT. &#8211; donosi &#8222;Nasz Dziennik&#8221;<\/p>\n<p>&#8211; Trzyosobowy sk\u0142ad w obecnych realiach parlamentarnych i politycznych to kpiny &#8211; podkre\u015bli\u0142a.<br \/>\nZ kolei LPR przyznaje, \u017ce zmiany w KRRiT s\u0105 potrzebne, ale potrzebna jest r\u00f3wnie\u017c d\u0142uga dyskusja w parlamencie. &#8211; My\u015bl\u0119, \u017ce PiS t\u0119 spraw\u0119 konsultowa\u0142o z PO, bo nie z Lig\u0105 &#8211; stwierdzi\u0142 pose\u0142 Roman Giertych. <\/p>\n<p>&#8211; Wed\u0142ug niego, zmiana w Krajowej Radzie &#8222;nie mo\u017ce polega\u0107 na porozumieniu pomi\u0119dzy partiami, kt\u00f3re si\u0119 pok\u0142\u00f3ci\u0142y w sprawach rz\u0105dowych, ale je\u015bli chodzi o inne kwestie, to wida\u0107, \u017ce si\u0119 pogodzi\u0142y&#8221;.  &#8211; informuje &#8222;Nasz Dziennik&#8221;<\/p>\n<p>R\u00f3wnie\u017c Samoobrona zapowiada, \u017ce nie poprze nowelizacji przygotowanej przez PiS. &#8211; Nie mo\u017cemy czego\u015b takiego poprze\u0107, gdy\u017c kontrola nad KRRiT znajdzie si\u0119 w jednym ugrupowaniu &#8211; stwierdzi\u0142 pose\u0142 Stanis\u0142aw \u0141y\u017cwi\u0144ski.<\/p>\n","protected":false},"excerpt":{"rendered":"&#8211; Pierwszy projekt autorstwa klubu parlamentarnego PiS tej kadencji ograniczaj\u0105cy liczb\u0119 cz\u0142onk\u00f3w Krajowej Rady Radiofonii i Telewizji wp\u0142yn\u0105\u0142 w pi\u0105tek do laski marsza\u0142kowskiej. Nie wiadomo jednak, jakie b\u0119d\u0105 losy tej ustawy. LPR zapowiada, \u017ce w obecnym kszta\u0142cie jej nie poprze, a PO zamierza we wtorek z\u0142o\u017cy\u0107 w\u0142asny projekt. &#8211; informuje &#8222;Nasz Dziennik&#8221;","protected":false},"author":1,"featured_media":85086,"comment_status":"open","ping_status":"closed","sticky":false,"template":"","format":"standard","meta":{"csco_display_header_overlay":false,"csco_singular_sidebar":"","csco_page_header_type":"","csco_page_load_nextpost":"","csco_post_video_location":[],"csco_post_video_location_hash":"","csco_post_video_url":"","csco_post_video_bg_start_time":0,"csco_post_video_bg_end_time":0,"footnotes":""},"categories":[9670],"tags":[],"class_list":{"0":"post-85085","1":"post","2":"type-post","3":"status-publish","4":"format-standard","5":"has-post-thumbnail","7":"category-tv","8":"cs-entry","9":"cs-video-wrap"},"_links":{"self":[{"href":"https:\/\/mediarun.com\/pl\/wp-json\/wp\/v2\/posts\/85085","targetHints":{"allow":["GET"]}}],"collection":[{"href":"https:\/\/mediarun.com\/pl\/wp-json\/wp\/v2\/posts"}],"about":[{"href":"https:\/\/mediarun.com\/pl\/wp-json\/wp\/v2\/types\/post"}],"author":[{"embeddable":true,"href":"https:\/\/mediarun.com\/pl\/wp-json\/wp\/v2\/users\/1"}],"replies":[{"embeddable":true,"href":"https:\/\/mediarun.com\/pl\/wp-json\/wp\/v2\/comments?post=85085"}],"version-history":[{"count":0,"href":"https:\/\/mediarun.com\/pl\/wp-json\/wp\/v2\/posts\/85085\/revisions"}],"wp:featuredmedia":[{"embeddable":true,"href":"https:\/\/mediarun.com\/pl\/wp-json\/wp\/v2\/media\/85086"}],"wp:attachment":[{"href":"https:\/\/mediarun.com\/pl\/wp-json\/wp\/v2\/media?parent=85085"}],"wp:term":[{"taxonomy":"category","embeddable":true,"href":"https:\/\/mediarun.com\/pl\/wp-json\/wp\/v2\/categories?post=85085"},{"taxonomy":"post_tag","embeddable":true,"href":"https:\/\/mediarun.com\/pl\/wp-json\/wp\/v2\/tags?post=85085"}],"curies":[{"name":"wp","href":"https:\/\/api.w.org\/{rel}","templated":true}]}}