{"id":85074,"date":"2005-11-20T05:22:22","date_gmt":"2005-11-20T04:22:22","guid":{"rendered":"https:\/\/mediarun.com\/index.php\/news-posts\/koncert-edyty-gorniak-w-galerii-mokotow\/"},"modified":"2005-11-20T05:22:22","modified_gmt":"2005-11-20T04:22:22","slug":"koncert-edyty-gorniak-w-galerii-mokotow","status":"publish","type":"post","link":"https:\/\/mediarun.com\/pl\/wydarzenia\/koncert-edyty-gorniak-w-galerii-mokotow.html","title":{"rendered":"Koncert Edyty G\u00f3rniak w Galerii Mokot\u00f3w"},"content":{"rendered":"<p>Wokalistka wyst\u0105pi\u0142a w towarzystwie dw\u00f3ch muzyk\u00f3w. \u015apiewa\u0142a przy akompaniamencie fortepianu i gitary. G\u00f3rniak zaznaczy\u0142a, \u017ce w\u015br\u00f3d oko\u0142o 3000 koncert\u00f3w jakie da\u0142a w \u017cyciu, ten jest wyj\u0105tkowy, gdy\u017c to jej pierwszy po wyj\u015bciu za m\u0105\u017c. Istotnie, akompaniuj\u0105cy gitarzysta to \u015bwie\u017co upieczony m\u0105\u017c wokalistki.<\/p>\n<p>Koncert upi\u0119kszy\u0142a scenografia. W tle sta\u0142a gigantyczna choinka.<\/p>\n<p>Wyst\u0119p sk\u0142ada\u0142 si\u0119 w wi\u0119kszo\u015bci z umiarkowanych utwor\u00f3w, cho\u0107 nie brakowa\u0142o \u015bmia\u0142ych popis\u00f3w g\u0142osowych wokalistki. Widzowie oklaskiwali artystk\u0119, a ta nawi\u0105zywa\u0142a z nimi ciep\u0142y dialog.<\/p>\n","protected":false},"excerpt":{"rendered":"Prezentem na pi\u0105te urodziny dla klient\u00f3w Galerii Mokot\u00f3w by\u0142 koncert Edyty G\u00f3rniak w sobot\u0119, 19.XI o godzinie 18:00. Na trzech kondygnacjach zebra\u0142a si\u0119 liczna grupa przechodnich widz\u00f3w, a tak\u017ce fan\u00f3w Edyty.","protected":false},"author":1,"featured_media":0,"comment_status":"open","ping_status":"closed","sticky":false,"template":"","format":"standard","meta":{"csco_display_header_overlay":false,"csco_singular_sidebar":"","csco_page_header_type":"","csco_page_load_nextpost":"","csco_post_video_location":[],"csco_post_video_location_hash":"","csco_post_video_url":"","csco_post_video_bg_start_time":0,"csco_post_video_bg_end_time":0,"footnotes":""},"categories":[46],"tags":[],"class_list":{"0":"post-85074","1":"post","2":"type-post","3":"status-publish","4":"format-standard","6":"category-wydarzenia","7":"cs-entry","8":"cs-video-wrap"},"_links":{"self":[{"href":"https:\/\/mediarun.com\/pl\/wp-json\/wp\/v2\/posts\/85074","targetHints":{"allow":["GET"]}}],"collection":[{"href":"https:\/\/mediarun.com\/pl\/wp-json\/wp\/v2\/posts"}],"about":[{"href":"https:\/\/mediarun.com\/pl\/wp-json\/wp\/v2\/types\/post"}],"author":[{"embeddable":true,"href":"https:\/\/mediarun.com\/pl\/wp-json\/wp\/v2\/users\/1"}],"replies":[{"embeddable":true,"href":"https:\/\/mediarun.com\/pl\/wp-json\/wp\/v2\/comments?post=85074"}],"version-history":[{"count":0,"href":"https:\/\/mediarun.com\/pl\/wp-json\/wp\/v2\/posts\/85074\/revisions"}],"wp:attachment":[{"href":"https:\/\/mediarun.com\/pl\/wp-json\/wp\/v2\/media?parent=85074"}],"wp:term":[{"taxonomy":"category","embeddable":true,"href":"https:\/\/mediarun.com\/pl\/wp-json\/wp\/v2\/categories?post=85074"},{"taxonomy":"post_tag","embeddable":true,"href":"https:\/\/mediarun.com\/pl\/wp-json\/wp\/v2\/tags?post=85074"}],"curies":[{"name":"wp","href":"https:\/\/api.w.org\/{rel}","templated":true}]}}